{"id":5683,"date":"2017-10-26T10:37:09","date_gmt":"2017-10-26T14:37:09","guid":{"rendered":"http:\/\/santemc.quebec\/icentre\/?p=5683"},"modified":"2017-10-26T10:39:22","modified_gmt":"2017-10-26T14:39:22","slug":"temoignages-dusagers-katherine-bellemare-copy","status":"publish","type":"post","link":"https:\/\/santemc.quebec\/icentre\/temoignages-dusagers-katherine-bellemare-copy\/","title":{"rendered":"T\u00e9moignages d&rsquo;usagers : Francine Choini\u00e8re"},"content":{"rendered":"<p><em><a href=\"http:\/\/santemc.quebec\/santemc\/icentre\/wp-content\/uploads\/2017\/10\/temoignages-1.png\"><img decoding=\"async\" loading=\"lazy\" class=\"aligncenter size-full wp-image-5639\" src=\"http:\/\/santemc.quebec\/santemc\/icentre\/wp-content\/uploads\/2017\/10\/temoignages-1.png\" alt=\"\" width=\"848\" height=\"213\" srcset=\"https:\/\/santemc.quebec\/santemc\/icentre\/wp-content\/uploads\/2017\/10\/temoignages-1.png 848w, https:\/\/santemc.quebec\/santemc\/icentre\/wp-content\/uploads\/2017\/10\/temoignages-1-300x75.png 300w, https:\/\/santemc.quebec\/santemc\/icentre\/wp-content\/uploads\/2017\/10\/temoignages-1-768x193.png 768w, https:\/\/santemc.quebec\/santemc\/icentre\/wp-content\/uploads\/2017\/10\/temoignages-1-500x126.png 500w\" sizes=\"(max-width: 848px) 100vw, 848px\" \/><\/a>Dans le cadre de la Semaine de la rentr\u00e9e, nous vous pr\u00e9sentons des t\u00e9moignages d\u2019usagers ayant re\u00e7u des services dans nos installations. Voici celui de Francine.<\/em><\/p>\n<hr \/>\n<p>C\u2019\u00e9tait la premi\u00e8re fois que je vivais pareil deuil, soit perdre un parent. Ma maman, h\u00e9berg\u00e9e depuis quelques ann\u00e9es au CHSLD, avait 97 ans lorsqu\u2019elle nous a quitt\u00e9s, en septembre dernier. Elle s\u2019est en all\u00e9e doucement, comme une feuille qui tombe \u00e0 l\u2019automne.<br \/>\n<!--more--><\/p>\n<p>Dans cette \u00e9preuve, nous (la famille) avons \u00e9t\u00e9 aid\u00e9s, \u00e9cout\u00e9s et encourag\u00e9s par le personnel. Les derniers jours, j\u2019avais des contacts r\u00e9guliers avec son infirmi\u00e8re; je m\u2019informais constamment de l\u2019\u00e9volution de sa condition. Jamais, malgr\u00e9 mes appels r\u00e9p\u00e9t\u00e9s qui se ressemblaient tous (les m\u00eames inqui\u00e9tudes et questionnements), je n\u2019ai senti que je d\u00e9rangeais. Cela a fait toute la diff\u00e9rence. Je pense aussi aux sourires des membres du personnel qui me croisaient chaque fois que j\u2019allais visiter maman. Je lisais dans leurs yeux toute leur compassion, et, m\u00eame, l\u2019affection qu\u2019ils portaient \u00e0 ma m\u00e8re. Des personnes d\u00e9vou\u00e9es, il y en a en CHSLD.<\/p>\n<p>J\u2019ai aussi eu la chance, de m\u00eame que deux de mes fr\u00e8res, de discuter longuement avec son m\u00e9decin. Il nous a \u00e9clair\u00e9s quant au respect des volont\u00e9s de maman (pas d\u2019acharnement th\u00e9rapeutique) et nous a ainsi permis de traverser sereinement les derniers moments. De plus, c\u2019est gr\u00e2ce \u00e0 lui si, \u00e0 titre de premi\u00e8re r\u00e9pondante, j\u2019ai pu expliquer la situation de fa\u00e7on tr\u00e8s claire au reste de la famille. Je ne saurais passer sous silence, aussi, le soutien de la conseill\u00e8re en \u00e9thique qui, apr\u00e8s consultation, m\u2019a rappel\u00e9e pour s\u2019enqu\u00e9rir de la condition de ma m\u00e8re.<\/p>\n<p>Maintenant, il me reste mon papa de 90 ans au m\u00eame centre. En effet, mes parents ont \u00e9t\u00e9 r\u00e9unis durant la derni\u00e8re ann\u00e9e. Apr\u00e8s cette exp\u00e9rience du d\u00e9c\u00e8s de ma m\u00e8re et la fa\u00e7on dont le personnel a \u00e9t\u00e9 des plus r\u00e9confortants, je suis rassur\u00e9e \u00e0 l\u2019effet que mon p\u00e8re est entre de bonnes mains, bien entour\u00e9, et je soup\u00e7onne m\u00eame de petites attentions particuli\u00e8res compte tenu du grand deuil qu\u2019il vit actuellement et du grand vide laiss\u00e9 par le d\u00e9part de ma m\u00e8re, apr\u00e8s 60 ans de mariage.<\/p>\n<p>Merci \u00e0 vous tous, vous \u00eates des personnes extraordinaires.<\/p>\n","protected":false},"excerpt":{"rendered":"<p>Dans le cadre de la Semaine de la rentr\u00e9e, nous vous pr\u00e9sentons des t\u00e9moignages d\u2019usagers ayant re\u00e7u des services dans nos installations. Voici celui de Francine. C\u2019\u00e9tait la premi\u00e8re fois que je vivais pareil deuil, soit perdre un parent. Ma &hellip; <a href=\"https:\/\/santemc.quebec\/icentre\/temoignages-dusagers-katherine-bellemare-copy\/\">Continuer la lecture <span class=\"meta-nav\">&rarr;<\/span><\/a><\/p>\n","protected":false},"author":1,"featured_media":0,"comment_status":"open","ping_status":"closed","sticky":false,"template":"","format":"standard","meta":{"footnotes":""},"categories":[1],"tags":[],"_links":{"self":[{"href":"https:\/\/santemc.quebec\/icentre\/wp-json\/wp\/v2\/posts\/5683"}],"collection":[{"href":"https:\/\/santemc.quebec\/icentre\/wp-json\/wp\/v2\/posts"}],"about":[{"href":"https:\/\/santemc.quebec\/icentre\/wp-json\/wp\/v2\/types\/post"}],"author":[{"embeddable":true,"href":"https:\/\/santemc.quebec\/icentre\/wp-json\/wp\/v2\/users\/1"}],"replies":[{"embeddable":true,"href":"https:\/\/santemc.quebec\/icentre\/wp-json\/wp\/v2\/comments?post=5683"}],"version-history":[{"count":2,"href":"https:\/\/santemc.quebec\/icentre\/wp-json\/wp\/v2\/posts\/5683\/revisions"}],"predecessor-version":[{"id":5685,"href":"https:\/\/santemc.quebec\/icentre\/wp-json\/wp\/v2\/posts\/5683\/revisions\/5685"}],"wp:attachment":[{"href":"https:\/\/santemc.quebec\/icentre\/wp-json\/wp\/v2\/media?parent=5683"}],"wp:term":[{"taxonomy":"category","embeddable":true,"href":"https:\/\/santemc.quebec\/icentre\/wp-json\/wp\/v2\/categories?post=5683"},{"taxonomy":"post_tag","embeddable":true,"href":"https:\/\/santemc.quebec\/icentre\/wp-json\/wp\/v2\/tags?post=5683"}],"curies":[{"name":"wp","href":"https:\/\/api.w.org\/{rel}","templated":true}]}}