{"id":5695,"date":"2017-10-27T09:55:08","date_gmt":"2017-10-27T13:55:08","guid":{"rendered":"http:\/\/santemc.quebec\/icentre\/?p=5695"},"modified":"2017-10-27T09:58:03","modified_gmt":"2017-10-27T13:58:03","slug":"temoignages-dusagers-copy","status":"publish","type":"post","link":"https:\/\/santemc.quebec\/icentre\/temoignages-dusagers-copy\/","title":{"rendered":"T\u00e9moignages d&rsquo;usagers"},"content":{"rendered":"<p><em><a href=\"http:\/\/santemc.quebec\/santemc\/icentre\/wp-content\/uploads\/2017\/10\/temoignages-1.png\"><img decoding=\"async\" loading=\"lazy\" class=\"aligncenter size-full wp-image-5639\" src=\"http:\/\/santemc.quebec\/santemc\/icentre\/wp-content\/uploads\/2017\/10\/temoignages-1.png\" alt=\"\" width=\"848\" height=\"213\" srcset=\"https:\/\/santemc.quebec\/santemc\/icentre\/wp-content\/uploads\/2017\/10\/temoignages-1.png 848w, https:\/\/santemc.quebec\/santemc\/icentre\/wp-content\/uploads\/2017\/10\/temoignages-1-300x75.png 300w, https:\/\/santemc.quebec\/santemc\/icentre\/wp-content\/uploads\/2017\/10\/temoignages-1-768x193.png 768w, https:\/\/santemc.quebec\/santemc\/icentre\/wp-content\/uploads\/2017\/10\/temoignages-1-500x126.png 500w\" sizes=\"(max-width: 848px) 100vw, 848px\" \/><\/a>Dans le cadre de la Semaine de la rentr\u00e9e, nous vous pr\u00e9sentons des t\u00e9moignages d\u2019usagers ayant re\u00e7u des services dans nos installations. En voici un nouveau.<\/em><\/p>\n<hr \/>\n<p>\u00ab\u00a0Pour la premi\u00e8re fois, \u00e0 plus de 70 ans, je suis devenue patiente de votre \u00e9tablissement de sant\u00e9. La derni\u00e8re fois o\u00f9 j\u2019\u00e9tais all\u00e9e \u00e0 l\u2019h\u00f4pital, c\u2019\u00e9tait dans les ann\u00e9es cinquante, pour l\u2019ablation des amygdales. J\u2019\u00e9tais un peu inqui\u00e8te du d\u00e9roulement de mon aventure dans les d\u00e9dales des \u00e9tablissements de sant\u00e9.<\/p>\n<p><!--more--><\/p>\n<p>\u00c0 ma grande surprise, j\u2019y ai trouv\u00e9 un environnement extr\u00eamement propre, un personnel administratif accueillant, poli et souriant, des professionnels de la sant\u00e9 comp\u00e9tents, efficaces, d\u00e9di\u00e9s \u00e0 leur profession, anim\u00e9s du d\u00e9sir de prendre soin de moi, dans les moindres d\u00e9tails. J\u2019avais l\u2019impression d\u2019\u00eatre, \u00e0 ce moment, la personne la plus importante au monde.<\/p>\n<p>\u00c0 voir tout le personnel se comporter de fa\u00e7on si extraordinaire, j\u2019ai eu envie de t\u00e9moigner de ce professionnalisme de haut niveau, de cette fa\u00e7on o\u00f9 chacun s\u2019implique, par une attitude exemplaire, pour le bon fonctionnement de l\u2019h\u00f4pital. C\u2019est impressionnant!<\/p>\n<p>Par cons\u00e9quent et en hommage \u00e0 l\u2019issue heureuse de mon passage dans le monde m\u00e9dical, je d\u00e9sire souligner l\u2019apport des membres du personnel hospitalier pour la qualit\u00e9 de leur travail dans l\u2019exercice de leur profession. Je ne taris pas d\u2019\u00e9loges pour ces anges\u00a0: leur gentillesse, leur d\u00e9vouement, la passion pour leur profession, l\u2019efficacit\u00e9, l\u2019empathie, la bonne humeur et le d\u00e9sir de vouloir rendre la situation plus agr\u00e9able au patient font en sorte qu\u2019ils m\u00e9ritent d\u2019\u00eatre reconnus.<\/p>\n<p>Un gros merci \u00e0 tous les intervenants de mon dossier. J\u2019ai \u00e9t\u00e9 tr\u00e8s impressionn\u00e9e.<\/p>\n<p>Malgr\u00e9 tout, j\u2019esp\u00e8re que ma bonne \u00e9toile, ou ma g\u00e9n\u00e9tique, me gardera de ne pas trop vous rendre visite.\u00a0\u00bb<\/p>\n<p>Dans un souci de confidentialit\u00e9, nous avons anonymis\u00e9 le t\u00e9moignage.<\/p>\n","protected":false},"excerpt":{"rendered":"<p>Dans le cadre de la Semaine de la rentr\u00e9e, nous vous pr\u00e9sentons des t\u00e9moignages d\u2019usagers ayant re\u00e7u des services dans nos installations. En voici un nouveau. \u00ab\u00a0Pour la premi\u00e8re fois, \u00e0 plus de 70 ans, je suis devenue patiente de &hellip; <a href=\"https:\/\/santemc.quebec\/icentre\/temoignages-dusagers-copy\/\">Continuer la lecture <span class=\"meta-nav\">&rarr;<\/span><\/a><\/p>\n","protected":false},"author":9,"featured_media":0,"comment_status":"open","ping_status":"closed","sticky":false,"template":"","format":"standard","meta":{"footnotes":""},"categories":[1],"tags":[],"_links":{"self":[{"href":"https:\/\/santemc.quebec\/icentre\/wp-json\/wp\/v2\/posts\/5695"}],"collection":[{"href":"https:\/\/santemc.quebec\/icentre\/wp-json\/wp\/v2\/posts"}],"about":[{"href":"https:\/\/santemc.quebec\/icentre\/wp-json\/wp\/v2\/types\/post"}],"author":[{"embeddable":true,"href":"https:\/\/santemc.quebec\/icentre\/wp-json\/wp\/v2\/users\/9"}],"replies":[{"embeddable":true,"href":"https:\/\/santemc.quebec\/icentre\/wp-json\/wp\/v2\/comments?post=5695"}],"version-history":[{"count":2,"href":"https:\/\/santemc.quebec\/icentre\/wp-json\/wp\/v2\/posts\/5695\/revisions"}],"predecessor-version":[{"id":5697,"href":"https:\/\/santemc.quebec\/icentre\/wp-json\/wp\/v2\/posts\/5695\/revisions\/5697"}],"wp:attachment":[{"href":"https:\/\/santemc.quebec\/icentre\/wp-json\/wp\/v2\/media?parent=5695"}],"wp:term":[{"taxonomy":"category","embeddable":true,"href":"https:\/\/santemc.quebec\/icentre\/wp-json\/wp\/v2\/categories?post=5695"},{"taxonomy":"post_tag","embeddable":true,"href":"https:\/\/santemc.quebec\/icentre\/wp-json\/wp\/v2\/tags?post=5695"}],"curies":[{"name":"wp","href":"https:\/\/api.w.org\/{rel}","templated":true}]}}