{"id":5704,"date":"2017-10-30T09:57:23","date_gmt":"2017-10-30T13:57:23","guid":{"rendered":"http:\/\/santemc.quebec\/icentre\/?p=5704"},"modified":"2017-10-30T11:29:02","modified_gmt":"2017-10-30T15:29:02","slug":"semaine-nationale-de-la-securite-des-patients","status":"publish","type":"post","link":"https:\/\/santemc.quebec\/icentre\/semaine-nationale-de-la-securite-des-patients\/","title":{"rendered":"Semaine nationale de la s\u00e9curit\u00e9 des patients"},"content":{"rendered":"<p><a href=\"http:\/\/santemc.quebec\/santemc\/icentre\/wp-content\/uploads\/2017\/10\/semaine_nationale_securite_patients.png\"><img decoding=\"async\" loading=\"lazy\" class=\"alignleft wp-image-5705 size-thumbnail\" src=\"http:\/\/santemc.quebec\/santemc\/icentre\/wp-content\/uploads\/2017\/10\/semaine_nationale_securite_patients-150x150.png\" alt=\"\" width=\"150\" height=\"150\" \/><\/a>Du 30 octobre au 3 novembre a lieu la Semaine nationale de la s\u00e9curit\u00e9 des patients. Cette ann\u00e9e, la Semaine est ax\u00e9e sur le th\u00e8me de la s\u00e9curit\u00e9 m\u00e9dicamenteuse. Elle porte plus particuli\u00e8rement sur cinq questions que les patients sont invit\u00e9s \u00e0 poser \u00e0 propos de leurs m\u00e9dicaments lors d\u2019une consultation avec un m\u00e9decin, une infirmi\u00e8re ou un pharmacien.<\/p>\n<p><!--more--><\/p>\n<p>En r\u00e9sum\u00e9, ces questions sont\u00a0:<\/p>\n<ol>\n<li><em>Changements?<\/em> (Est-ce que des m\u00e9dicaments ont \u00e9t\u00e9 ajout\u00e9s, supprim\u00e9s ou chang\u00e9s et pourquoi?);<\/li>\n<li><em>Continuer?<\/em> (Quels m\u00e9dicaments dois-je continuer \u00e0 prendre et pourquoi?);<\/li>\n<li><em>Usage correct? <\/em>(Comment dois-je prendre mes m\u00e9dicaments et pour combien de temps?);<\/li>\n<li><em>Surveiller?<\/em> (Comment vais-je savoir si mes m\u00e9dicaments agissent et quels effets secondaires faut-il surveiller?);<\/li>\n<li><em>Suivi? <\/em>(Aurais-je besoin de tests et quand dois-je prendre mon prochain rendez-vous?).<\/li>\n<\/ol>\n<p>La Semaine nationale de la s\u00e9curit\u00e9 des patients vise \u00e0 susciter la volont\u00e9 d&rsquo;apporter des am\u00e9liorations marqu\u00e9es dans le domaine de la qualit\u00e9 et de la s\u00e9curit\u00e9 des patients. Elle encourage le questionnement, l&rsquo;\u00e9coute et la discussion entre les patients et les professionnels, tout en \u00e9veillant l&rsquo;int\u00e9r\u00eat pour les questions de s\u00e9curit\u00e9 des patients et les solutions. Le th\u00e8me de cette ann\u00e9e est \u00ab Questionnez. \u00c9coutez. Parlez-en \u00bb au sujet des m\u00e9dicaments.<\/p>\n<p>Inaugur\u00e9e en 2005, la Semaine nationale de la s\u00e9curit\u00e9 des patients est une campagne annuelle qui vise des milliers de professionnels de la sant\u00e9, des patients et des familles. La s\u00e9curit\u00e9 des patients est un enjeu majeur pour notre \u00e9tablissement.<\/p>\n<p>Nous vous invitons \u00e0 vous informer sur la s\u00e9curit\u00e9 des patients et \u00e0 visiter le site Internet de la Semaine nationale de la s\u00e9curit\u00e9 des patients au <a href=\"http:\/\/www.questionnezecoutezparlez-en.ca\" target=\"_blank\" rel=\"noopener\">www.questionnezecoutezparlez-en.ca<\/a>.<\/p>\n<p>Nous vous invitons \u00e9galement \u00e0 remplir un jeu-questionnaire qui teste votre expertise en s\u00e9curit\u00e9 m\u00e9dicamenteuse \u00e0 l\u2019adresse suivante\u00a0: <a href=\"https:\/\/www.qzzr.com\/c\/quiz\/450004\/Jeu-questionnaire-%C3%80-prendre-avec-les-questions-pour-les-patients\" target=\"_blank\" rel=\"noopener\">https:\/\/www.qzzr.com\/c\/quiz\/450004\/Jeu-questionnaire-%C3%80-prendre-avec-les-questions-pour-les-patients<\/a>.<\/p>\n<p>Pour toute question en lien avec la Semaine de la s\u00e9curit\u00e9 des patients, veuillez communiquer avec Madame Myl\u00e8ne Lacasse, technicienne en administration \u00e0 la DQ\u00c9P\u00c9L \u2013 service gestion de la qualit\u00e9 et des risques, au 450 358-2578, poste 8927.<\/p>\n<p><a href=\"http:\/\/santemc.quebec\/santemc\/icentre\/wp-content\/uploads\/2017\/10\/Shift_provider_Infographic_F.jpg\" target=\"_blank\" rel=\"noopener\"><img decoding=\"async\" loading=\"lazy\" class=\"aligncenter wp-image-5717 size-medium\" src=\"http:\/\/santemc.quebec\/santemc\/icentre\/wp-content\/uploads\/2017\/10\/Shift_provider_Infographic_F-232x300.jpg\" alt=\"\" width=\"232\" height=\"300\" srcset=\"https:\/\/santemc.quebec\/santemc\/icentre\/wp-content\/uploads\/2017\/10\/Shift_provider_Infographic_F-232x300.jpg 232w, https:\/\/santemc.quebec\/santemc\/icentre\/wp-content\/uploads\/2017\/10\/Shift_provider_Infographic_F-768x994.jpg 768w, https:\/\/santemc.quebec\/santemc\/icentre\/wp-content\/uploads\/2017\/10\/Shift_provider_Infographic_F-791x1024.jpg 791w\" sizes=\"(max-width: 232px) 100vw, 232px\" \/><\/a><\/p>\n","protected":false},"excerpt":{"rendered":"<p>Du 30 octobre au 3 novembre a lieu la Semaine nationale de la s\u00e9curit\u00e9 des patients. Cette ann\u00e9e, la Semaine est ax\u00e9e sur le th\u00e8me de la s\u00e9curit\u00e9 m\u00e9dicamenteuse. Elle porte plus particuli\u00e8rement sur cinq questions que les patients sont &hellip; <a href=\"https:\/\/santemc.quebec\/icentre\/semaine-nationale-de-la-securite-des-patients\/\">Continuer la lecture <span class=\"meta-nav\">&rarr;<\/span><\/a><\/p>\n","protected":false},"author":9,"featured_media":0,"comment_status":"open","ping_status":"closed","sticky":false,"template":"","format":"standard","meta":{"footnotes":""},"categories":[1],"tags":[],"_links":{"self":[{"href":"https:\/\/santemc.quebec\/icentre\/wp-json\/wp\/v2\/posts\/5704"}],"collection":[{"href":"https:\/\/santemc.quebec\/icentre\/wp-json\/wp\/v2\/posts"}],"about":[{"href":"https:\/\/santemc.quebec\/icentre\/wp-json\/wp\/v2\/types\/post"}],"author":[{"embeddable":true,"href":"https:\/\/santemc.quebec\/icentre\/wp-json\/wp\/v2\/users\/9"}],"replies":[{"embeddable":true,"href":"https:\/\/santemc.quebec\/icentre\/wp-json\/wp\/v2\/comments?post=5704"}],"version-history":[{"count":8,"href":"https:\/\/santemc.quebec\/icentre\/wp-json\/wp\/v2\/posts\/5704\/revisions"}],"predecessor-version":[{"id":5720,"href":"https:\/\/santemc.quebec\/icentre\/wp-json\/wp\/v2\/posts\/5704\/revisions\/5720"}],"wp:attachment":[{"href":"https:\/\/santemc.quebec\/icentre\/wp-json\/wp\/v2\/media?parent=5704"}],"wp:term":[{"taxonomy":"category","embeddable":true,"href":"https:\/\/santemc.quebec\/icentre\/wp-json\/wp\/v2\/categories?post=5704"},{"taxonomy":"post_tag","embeddable":true,"href":"https:\/\/santemc.quebec\/icentre\/wp-json\/wp\/v2\/tags?post=5704"}],"curies":[{"name":"wp","href":"https:\/\/api.w.org\/{rel}","templated":true}]}}