{"id":5721,"date":"2017-10-30T14:38:55","date_gmt":"2017-10-30T18:38:55","guid":{"rendered":"http:\/\/santemc.quebec\/icentre\/?p=5721"},"modified":"2017-10-30T14:38:55","modified_gmt":"2017-10-30T18:38:55","slug":"demi-journee-de-formation-continue-en-pharmacotherapie-une-deuxieme-edition-reussie-pour-le-departement-de-pharmacie-du-cisss","status":"publish","type":"post","link":"https:\/\/santemc.quebec\/icentre\/demi-journee-de-formation-continue-en-pharmacotherapie-une-deuxieme-edition-reussie-pour-le-departement-de-pharmacie-du-cisss\/","title":{"rendered":"Demi-journ\u00e9e de formation continue en pharmacoth\u00e9rapie : une deuxi\u00e8me \u00e9dition r\u00e9ussie pour le d\u00e9partement de pharmacie du CISSS"},"content":{"rendered":"<p><a href=\"http:\/\/santemc.quebec\/santemc\/icentre\/wp-content\/uploads\/2017\/10\/IMG_0265.jpg\"><img decoding=\"async\" loading=\"lazy\" class=\"size-medium wp-image-5722 alignleft\" src=\"http:\/\/santemc.quebec\/santemc\/icentre\/wp-content\/uploads\/2017\/10\/IMG_0265-300x186.jpg\" alt=\"\" width=\"300\" height=\"186\" srcset=\"https:\/\/santemc.quebec\/santemc\/icentre\/wp-content\/uploads\/2017\/10\/IMG_0265-300x186.jpg 300w, https:\/\/santemc.quebec\/santemc\/icentre\/wp-content\/uploads\/2017\/10\/IMG_0265-768x475.jpg 768w, https:\/\/santemc.quebec\/santemc\/icentre\/wp-content\/uploads\/2017\/10\/IMG_0265-1024x634.jpg 1024w, https:\/\/santemc.quebec\/santemc\/icentre\/wp-content\/uploads\/2017\/10\/IMG_0265-485x300.jpg 485w\" sizes=\"(max-width: 300px) 100vw, 300px\" \/><\/a>C\u2019est vendredi dernier \u00e0 l\u2019Espace Rive-Sud qu\u2019avait lieu la deuxi\u00e8me \u00e9dition de la demi-journ\u00e9e de formation continue en pharmacoth\u00e9rapie du CISSS de la Mont\u00e9r\u00e9gie-Centre. Organis\u00e9 par le d\u00e9partement de pharmacie, cet \u00e9v\u00e9nement a permis de r\u00e9unir un peu plus de 80 pharmaciens communautaires et hospitaliers principalement des RLS de Champlain et du Haut-Richelieu\u2013Rouville.<\/p>\n<p><!--more--><\/p>\n<p>En plus de favoriser le r\u00e9seautage et les \u00e9changes de bonnes pratiques, l\u2019activit\u00e9 de cette ann\u00e9e offrait aux participants quatre conf\u00e9rences portant sur des th\u00e9matiques d\u2019actualit\u00e9 ainsi que sur l\u2019importance de l\u2019interdisciplinarit\u00e9.<\/p>\n<p>F\u00e9licitations au comit\u00e9 organisateur de l\u2019\u00e9v\u00e9nement :<\/p>\n<p>Genevi\u00e8ve Cayer, Mika\u00ebl Dumoulin, Annick Dufour, Mireille Brisson, Caroline Brais et \u00c9tienne Beauchemin<\/p>\n","protected":false},"excerpt":{"rendered":"<p>C\u2019est vendredi dernier \u00e0 l\u2019Espace Rive-Sud qu\u2019avait lieu la deuxi\u00e8me \u00e9dition de la demi-journ\u00e9e de formation continue en pharmacoth\u00e9rapie du CISSS de la Mont\u00e9r\u00e9gie-Centre. Organis\u00e9 par le d\u00e9partement de pharmacie, cet \u00e9v\u00e9nement a permis de r\u00e9unir un peu plus de &hellip; <a href=\"https:\/\/santemc.quebec\/icentre\/demi-journee-de-formation-continue-en-pharmacotherapie-une-deuxieme-edition-reussie-pour-le-departement-de-pharmacie-du-cisss\/\">Continuer la lecture <span class=\"meta-nav\">&rarr;<\/span><\/a><\/p>\n","protected":false},"author":9,"featured_media":0,"comment_status":"open","ping_status":"closed","sticky":false,"template":"","format":"standard","meta":{"footnotes":""},"categories":[1],"tags":[],"_links":{"self":[{"href":"https:\/\/santemc.quebec\/icentre\/wp-json\/wp\/v2\/posts\/5721"}],"collection":[{"href":"https:\/\/santemc.quebec\/icentre\/wp-json\/wp\/v2\/posts"}],"about":[{"href":"https:\/\/santemc.quebec\/icentre\/wp-json\/wp\/v2\/types\/post"}],"author":[{"embeddable":true,"href":"https:\/\/santemc.quebec\/icentre\/wp-json\/wp\/v2\/users\/9"}],"replies":[{"embeddable":true,"href":"https:\/\/santemc.quebec\/icentre\/wp-json\/wp\/v2\/comments?post=5721"}],"version-history":[{"count":1,"href":"https:\/\/santemc.quebec\/icentre\/wp-json\/wp\/v2\/posts\/5721\/revisions"}],"predecessor-version":[{"id":5723,"href":"https:\/\/santemc.quebec\/icentre\/wp-json\/wp\/v2\/posts\/5721\/revisions\/5723"}],"wp:attachment":[{"href":"https:\/\/santemc.quebec\/icentre\/wp-json\/wp\/v2\/media?parent=5721"}],"wp:term":[{"taxonomy":"category","embeddable":true,"href":"https:\/\/santemc.quebec\/icentre\/wp-json\/wp\/v2\/categories?post=5721"},{"taxonomy":"post_tag","embeddable":true,"href":"https:\/\/santemc.quebec\/icentre\/wp-json\/wp\/v2\/tags?post=5721"}],"curies":[{"name":"wp","href":"https:\/\/api.w.org\/{rel}","templated":true}]}}