{"id":5724,"date":"2017-10-30T16:15:41","date_gmt":"2017-10-30T20:15:41","guid":{"rendered":"http:\/\/santemc.quebec\/icentre\/?p=5724"},"modified":"2017-10-30T16:21:31","modified_gmt":"2017-10-30T20:21:31","slug":"vous-netes-pas-seul","status":"publish","type":"post","link":"https:\/\/santemc.quebec\/icentre\/vous-netes-pas-seul\/","title":{"rendered":"Vous n\u2019\u00eates pas seul!"},"content":{"rendered":"<p><a href=\"http:\/\/santemc.quebec\/santemc\/icentre\/wp-content\/uploads\/2017\/10\/Sant\u00e9-mentale_troubles-anxieux.gif\"><img decoding=\"async\" loading=\"lazy\" class=\"wp-image-5727 size-full alignnone\" src=\"http:\/\/santemc.quebec\/santemc\/icentre\/wp-content\/uploads\/2017\/10\/Sant\u00e9-mentale_troubles-anxieux.gif\" alt=\"\" width=\"684\" height=\"151\" \/><\/a><\/p>\n<p>Le r\u00e9seau de la sant\u00e9 et des services sociaux n\u2019y fait pas exception. La maladie mentale est tr\u00e8s fr\u00e9quente, au point o\u00f9 une personne sur cinq souffrira d\u2019une maladie mentale au cours de sa vie. La campagne minist\u00e9rielle d&rsquo;information et de sensibilisation \u00e0 la maladie mentale d\u00e9bute aujourd&rsquo;hui. Cette quatri\u00e8me \u00e9dition, qui cible particuli\u00e8rement les hommes, porte sur les troubles anxieux et a pour th\u00e8me\u00a0: <em>Des pens\u00e9es qui font reculer.<\/em><\/p>\n<p><!--more--><\/p>\n<p>\u00c0 cet effet, nous vous invitons \u00e0 \u00e9couter deux t\u00e9moignages qui seront pr\u00e9sent\u00e9s en lien avec le th\u00e8me de cette campagne. Un ex-hockeyeur sera \u00e0 l\u2019\u00e9mission L\u2019antichambre \u00e0 RDS le 3 novembre prochain ainsi qu\u2019un humoriste et com\u00e9dien \u00e0 La Belle gang \u00e0 Canal vie le 13 novembre.<\/p>\n<p>Pour visionner la vid\u00e9o de la campagne\u00a0: <a href=\"https:\/\/www.youtube.com\/watch?v=s8MPk8ViuLA\" target=\"_blank\" rel=\"noopener\">https:\/\/www.youtube.com\/watch?v=s8MPk8ViuLA<\/a><\/p>\n<p>Pour plus d\u2019information, visitez le <a href=\"http:\/\/sante.gouv.qc.ca\/\" target=\"_blank\" rel=\"noopener\">http:\/\/sante.gouv.qc.ca\/<\/a><\/p>\n<p>&nbsp;<\/p>\n","protected":false},"excerpt":{"rendered":"<p>Le r\u00e9seau de la sant\u00e9 et des services sociaux n\u2019y fait pas exception. La maladie mentale est tr\u00e8s fr\u00e9quente, au point o\u00f9 une personne sur cinq souffrira d\u2019une maladie mentale au cours de sa vie. La campagne minist\u00e9rielle d&rsquo;information et &hellip; <a href=\"https:\/\/santemc.quebec\/icentre\/vous-netes-pas-seul\/\">Continuer la lecture <span class=\"meta-nav\">&rarr;<\/span><\/a><\/p>\n","protected":false},"author":9,"featured_media":0,"comment_status":"open","ping_status":"closed","sticky":false,"template":"","format":"standard","meta":{"footnotes":""},"categories":[1],"tags":[],"_links":{"self":[{"href":"https:\/\/santemc.quebec\/icentre\/wp-json\/wp\/v2\/posts\/5724"}],"collection":[{"href":"https:\/\/santemc.quebec\/icentre\/wp-json\/wp\/v2\/posts"}],"about":[{"href":"https:\/\/santemc.quebec\/icentre\/wp-json\/wp\/v2\/types\/post"}],"author":[{"embeddable":true,"href":"https:\/\/santemc.quebec\/icentre\/wp-json\/wp\/v2\/users\/9"}],"replies":[{"embeddable":true,"href":"https:\/\/santemc.quebec\/icentre\/wp-json\/wp\/v2\/comments?post=5724"}],"version-history":[{"count":6,"href":"https:\/\/santemc.quebec\/icentre\/wp-json\/wp\/v2\/posts\/5724\/revisions"}],"predecessor-version":[{"id":5731,"href":"https:\/\/santemc.quebec\/icentre\/wp-json\/wp\/v2\/posts\/5724\/revisions\/5731"}],"wp:attachment":[{"href":"https:\/\/santemc.quebec\/icentre\/wp-json\/wp\/v2\/media?parent=5724"}],"wp:term":[{"taxonomy":"category","embeddable":true,"href":"https:\/\/santemc.quebec\/icentre\/wp-json\/wp\/v2\/categories?post=5724"},{"taxonomy":"post_tag","embeddable":true,"href":"https:\/\/santemc.quebec\/icentre\/wp-json\/wp\/v2\/tags?post=5724"}],"curies":[{"name":"wp","href":"https:\/\/api.w.org\/{rel}","templated":true}]}}