{"id":5735,"date":"2017-11-01T11:15:21","date_gmt":"2017-11-01T15:15:21","guid":{"rendered":"http:\/\/santemc.quebec\/icentre\/?p=5735"},"modified":"2017-11-02T09:24:12","modified_gmt":"2017-11-02T13:24:12","slug":"dessins","status":"publish","type":"post","link":"https:\/\/santemc.quebec\/icentre\/dessins\/","title":{"rendered":"\u00c0 vos marques, pr\u00eats, DESSINEZ!"},"content":{"rendered":"<p><a href=\"http:\/\/santemc.quebec\/santemc\/icentre\/wp-content\/uploads\/2017\/11\/colored-pencils_2-1.jpg\"><img decoding=\"async\" loading=\"lazy\" class=\"size-full wp-image-5752 alignleft\" src=\"http:\/\/santemc.quebec\/santemc\/icentre\/wp-content\/uploads\/2017\/11\/colored-pencils_2-1.jpg\" alt=\"\" width=\"150\" height=\"177\" \/><\/a>Le temps des f\u00eates approche \u00e0 grands pas et nous aurons besoin de l\u2019aide de vos petits tr\u00e9sors! En effet, le CISSS de la Mont\u00e9r\u00e9gie-Centre invite les enfants des employ\u00e9s et des m\u00e9decins \u00e0 participer \u00e0 la deuxi\u00e8me \u00e9dition de son concours de dessins. Les cr\u00e9ations gagnantes illustreront les cartes de souhaits du CISSS.<\/p>\n<p><!--more--><\/p>\n<p>Ayant pour th\u00e8me \u00ab Qu\u2019est-ce qui fait briller tes yeux pendant le temps des f\u00eates? \u00bb, ce concours s\u2019adresse aux enfants \u00e2g\u00e9s entre 4 et 12 ans inclusivement, selon trois groupes d\u2019\u00e2ge.<\/p>\n<p>Pour chacun des groupes, un gagnant sera d\u00e9sign\u00e9 et un cadeau surprise lui sera d\u00e9cern\u00e9.<\/p>\n<p><strong>Comment participer?<br \/>\n<\/strong>Les dessins doivent \u00eatre transmis <u>par courrier interne<\/u> avant le <strong>22 novembre<\/strong> aux personnes suivantes\u00a0:<\/p>\n<ul>\n<li>Installations du RLS de Champlain<br \/>\nChristine Doiron, 2727, boul. Taschereau<\/li>\n<\/ul>\n<ul>\n<li>Installations du RLS du Haut-Richelieu\u2014Rouville<br \/>\nFrancine Choini\u00e8re,\u00a0 365, rue Normand<\/li>\n<\/ul>\n<p>Un enfant ne peut soumettre plus d\u2019un dessin et ce dernier doit \u00eatre de format lettre, orientation paysage. Afin de retracer l\u2019artiste d\u2019un chef-d\u2019\u0153uvre, il est essentiel d\u2019identifier, au verso, l\u2019enfant (nom, pr\u00e9nom et \u00e2ge) et le parent (nom, pr\u00e9nom, titre d\u2019emploi et nom de l\u2019installation o\u00f9 vous travaillez).<\/p>\n<p>Les gagnants seront d\u00e9voil\u00e9s dans la semaine du 11 d\u00e9cembre 2017.<\/p>\n<p><a href=\"http:\/\/santemc.quebec\/santemc\/icentre\/wp-content\/uploads\/2017\/11\/reglements_2017.pdf\" target=\"_blank\" rel=\"noopener\">Pour consulter les r\u00e8glements du concours<\/a><\/p>\n<p><a href=\"http:\/\/santemc.quebec\/santemc\/icentre\/wp-content\/uploads\/2017\/11\/affiche_concours_2017.pdf\" target=\"_blank\" rel=\"noopener\">Pour voir l&rsquo;affiche du concours<\/a><\/p>\n","protected":false},"excerpt":{"rendered":"<p>Le temps des f\u00eates approche \u00e0 grands pas et nous aurons besoin de l\u2019aide de vos petits tr\u00e9sors! En effet, le CISSS de la Mont\u00e9r\u00e9gie-Centre invite les enfants des employ\u00e9s et des m\u00e9decins \u00e0 participer \u00e0 la deuxi\u00e8me \u00e9dition de &hellip; <a href=\"https:\/\/santemc.quebec\/icentre\/dessins\/\">Continuer la lecture <span class=\"meta-nav\">&rarr;<\/span><\/a><\/p>\n","protected":false},"author":1,"featured_media":0,"comment_status":"open","ping_status":"closed","sticky":false,"template":"","format":"standard","meta":{"footnotes":""},"categories":[1],"tags":[],"_links":{"self":[{"href":"https:\/\/santemc.quebec\/icentre\/wp-json\/wp\/v2\/posts\/5735"}],"collection":[{"href":"https:\/\/santemc.quebec\/icentre\/wp-json\/wp\/v2\/posts"}],"about":[{"href":"https:\/\/santemc.quebec\/icentre\/wp-json\/wp\/v2\/types\/post"}],"author":[{"embeddable":true,"href":"https:\/\/santemc.quebec\/icentre\/wp-json\/wp\/v2\/users\/1"}],"replies":[{"embeddable":true,"href":"https:\/\/santemc.quebec\/icentre\/wp-json\/wp\/v2\/comments?post=5735"}],"version-history":[{"count":6,"href":"https:\/\/santemc.quebec\/icentre\/wp-json\/wp\/v2\/posts\/5735\/revisions"}],"predecessor-version":[{"id":5756,"href":"https:\/\/santemc.quebec\/icentre\/wp-json\/wp\/v2\/posts\/5735\/revisions\/5756"}],"wp:attachment":[{"href":"https:\/\/santemc.quebec\/icentre\/wp-json\/wp\/v2\/media?parent=5735"}],"wp:term":[{"taxonomy":"category","embeddable":true,"href":"https:\/\/santemc.quebec\/icentre\/wp-json\/wp\/v2\/categories?post=5735"},{"taxonomy":"post_tag","embeddable":true,"href":"https:\/\/santemc.quebec\/icentre\/wp-json\/wp\/v2\/tags?post=5735"}],"curies":[{"name":"wp","href":"https:\/\/api.w.org\/{rel}","templated":true}]}}