{"id":5757,"date":"2017-11-02T10:01:49","date_gmt":"2017-11-02T14:01:49","guid":{"rendered":"http:\/\/santemc.quebec\/icentre\/?p=5757"},"modified":"2017-11-02T10:01:49","modified_gmt":"2017-11-02T14:01:49","slug":"retour-sur-la-semaine-de-la-rentree-sondage-et-documentation","status":"publish","type":"post","link":"https:\/\/santemc.quebec\/icentre\/retour-sur-la-semaine-de-la-rentree-sondage-et-documentation\/","title":{"rendered":"Retour sur la Semaine de la rentr\u00e9e : sondage et documentation"},"content":{"rendered":"<p>La semaine derni\u00e8re avait lieu la premi\u00e8re Semaine de la rentr\u00e9e du CISSS de la Mont\u00e9r\u00e9gie-Centre. Organis\u00e9e dans le cadre du programme de reconnaissance, cette semaine a \u00e9t\u00e9 ponctu\u00e9e par la distribution des nouveaux porte-cartes d\u2019identit\u00e9, du d\u00e9pliant sur le programme et de macarons, par le partage, dans les \u00e9quipes, de cartes de reconnaissance, par la diffusion de t\u00e9moignages d\u2019appr\u00e9ciation d\u2019usagers ainsi que par la tenue de deux kiosques par La Capitale \u2013 Assurance et services financiers et de deux conf\u00e9rences en soir\u00e9e.<\/p>\n<p><!--more--><\/p>\n<p>Vous avez \u00e9t\u00e9 nombreux \u00e0 participer aux activit\u00e9s initi\u00e9es\u00a0: merci de votre participation \u00e0 cette premi\u00e8re \u00e9dition de la Semaine de la rentr\u00e9e!<\/p>\n<p><strong>Donnez votre avis!<br \/>\n<\/strong>Nous vous invitons maintenant \u00e0 r\u00e9pondre \u00e0 un sondage, \u00e0 nous faire part de votre appr\u00e9ciation et de vos commentaires en vue d\u2019am\u00e9liorer la formule de la Semaine de la rentr\u00e9e et la programmation du programme de reconnaissance.<\/p>\n<p>Vous avez jusqu\u2019au <strong>10 novembre <\/strong>pour y participer. Un prix de participation sera tir\u00e9 au hasard parmi tous les participants.<\/p>\n<p><strong>Sondage sur la Semaine de la rentr\u00e9e\u00a0: <\/strong><a href=\"http:\/\/www.sondagecisssmc.ca\" target=\"_blank\" rel=\"noopener\"><strong>www.sondagecisssmc.ca<\/strong><\/a><\/p>\n<p><strong>Programme de reconnaissance<br \/>\n<\/strong>Dans la poursuite du d\u00e9ploiement du programme de reconnaissance, nous vous tiendrons inform\u00e9s des prochaines activit\u00e9s pr\u00e9vues \u00e0 la programmation.<\/p>\n<p><strong>Documentation<br \/>\n<\/strong>Nous vous rappelons que le d\u00e9pliant et le programme de reconnaissance sont disponibles sur le site <a href=\"http:\/\/www.reconnaissancecisssmc.ca\" target=\"_blank\" rel=\"noopener\">www.reconnaissancecisssmc.ca<\/a>.<\/p>\n<p>\u00c0 la demande g\u00e9n\u00e9rale, un document r\u00e9sumant les principaux concepts abord\u00e9s par Dr Amir Georges Sabongui lors de sa conf\u00e9rence sur la gestion du stress a aussi \u00e9t\u00e9 ajout\u00e9.<\/p>\n<p>Merci de votre contribution.<\/p>\n","protected":false},"excerpt":{"rendered":"<p>La semaine derni\u00e8re avait lieu la premi\u00e8re Semaine de la rentr\u00e9e du CISSS de la Mont\u00e9r\u00e9gie-Centre. Organis\u00e9e dans le cadre du programme de reconnaissance, cette semaine a \u00e9t\u00e9 ponctu\u00e9e par la distribution des nouveaux porte-cartes d\u2019identit\u00e9, du d\u00e9pliant sur le &hellip; <a href=\"https:\/\/santemc.quebec\/icentre\/retour-sur-la-semaine-de-la-rentree-sondage-et-documentation\/\">Continuer la lecture <span class=\"meta-nav\">&rarr;<\/span><\/a><\/p>\n","protected":false},"author":9,"featured_media":0,"comment_status":"open","ping_status":"closed","sticky":false,"template":"","format":"standard","meta":{"footnotes":""},"categories":[1],"tags":[],"_links":{"self":[{"href":"https:\/\/santemc.quebec\/icentre\/wp-json\/wp\/v2\/posts\/5757"}],"collection":[{"href":"https:\/\/santemc.quebec\/icentre\/wp-json\/wp\/v2\/posts"}],"about":[{"href":"https:\/\/santemc.quebec\/icentre\/wp-json\/wp\/v2\/types\/post"}],"author":[{"embeddable":true,"href":"https:\/\/santemc.quebec\/icentre\/wp-json\/wp\/v2\/users\/9"}],"replies":[{"embeddable":true,"href":"https:\/\/santemc.quebec\/icentre\/wp-json\/wp\/v2\/comments?post=5757"}],"version-history":[{"count":1,"href":"https:\/\/santemc.quebec\/icentre\/wp-json\/wp\/v2\/posts\/5757\/revisions"}],"predecessor-version":[{"id":5758,"href":"https:\/\/santemc.quebec\/icentre\/wp-json\/wp\/v2\/posts\/5757\/revisions\/5758"}],"wp:attachment":[{"href":"https:\/\/santemc.quebec\/icentre\/wp-json\/wp\/v2\/media?parent=5757"}],"wp:term":[{"taxonomy":"category","embeddable":true,"href":"https:\/\/santemc.quebec\/icentre\/wp-json\/wp\/v2\/categories?post=5757"},{"taxonomy":"post_tag","embeddable":true,"href":"https:\/\/santemc.quebec\/icentre\/wp-json\/wp\/v2\/tags?post=5757"}],"curies":[{"name":"wp","href":"https:\/\/api.w.org\/{rel}","templated":true}]}}