{"id":5759,"date":"2017-11-03T15:34:47","date_gmt":"2017-11-03T19:34:47","guid":{"rendered":"http:\/\/santemc.quebec\/icentre\/?p=5759"},"modified":"2017-11-03T15:35:26","modified_gmt":"2017-11-03T19:35:26","slug":"dr-jean-pierre-doray-recipiendaire-dun-prix","status":"publish","type":"post","link":"https:\/\/santemc.quebec\/icentre\/dr-jean-pierre-doray-recipiendaire-dun-prix\/","title":{"rendered":"Dr Jean-Pierre Doray : r\u00e9cipiendaire d\u2019un prix"},"content":{"rendered":"<p><a href=\"http:\/\/santemc.quebec\/santemc\/icentre\/wp-content\/uploads\/2017\/11\/DrDoray.jpg\"><img decoding=\"async\" loading=\"lazy\" class=\"size-medium wp-image-5762 alignleft\" src=\"http:\/\/santemc.quebec\/santemc\/icentre\/wp-content\/uploads\/2017\/11\/DrDoray-180x300.jpg\" alt=\"\" width=\"180\" height=\"300\" srcset=\"https:\/\/santemc.quebec\/santemc\/icentre\/wp-content\/uploads\/2017\/11\/DrDoray-180x300.jpg 180w, https:\/\/santemc.quebec\/santemc\/icentre\/wp-content\/uploads\/2017\/11\/DrDoray.jpg 246w\" sizes=\"(max-width: 180px) 100vw, 180px\" \/><\/a>Nous souhaitons adresser nos f\u00e9licitations au Dr Jean-Pierre Doray, professeur d\u2019enseignement clinique \u00e0 la Facult\u00e9 de m\u00e9decine et des sciences de la sant\u00e9 de l\u2019Universit\u00e9 de Sherbrooke et clinicien-chercheur \u00e0 l\u2019H\u00f4pital Charles-Le Moyne pour avoir re\u00e7u le prix de la meilleure vid\u00e9o \u00e0 l\u2019occasion du colloque sur le transport des nourrissons \u00e0 haut risque. Organis\u00e9 par la F\u00e9d\u00e9ration internationale du service de transport n\u00e9onatal aigu, \u00e0 Oxford au Royaume-Uni, ce colloque en \u00e9tait \u00e0 sa troisi\u00e8me \u00e9dition.<\/p>\n<p>Sous le th\u00e8me \u201f<em>From here to there has never been so challenging<\/em>\u201d, la vid\u00e9o intitul\u00e9e \u00ab\u00a0Guatemala\u00a0\u00bb a \u00e9t\u00e9 diffus\u00e9e pendant le congr\u00e8s sur les diff\u00e9rentes plateformes de la <em>MCA TV<\/em>, notamment sur leurs r\u00e9seaux sociaux et leur cha\u00eene YouTube.<\/p>\n<p><!--more--><\/p>\n<p>Lors de ce colloque d\u2019envergure internationale, Dr Doray a \u00e9galement pr\u00e9sent\u00e9 une affiche \u00ab\u00a0Taux de mortalit\u00e9 des pr\u00e9matur\u00e9s de 23 \u00e0 30 semaines n\u00e9s en niveau 2 compar\u00e9s \u00e0 ceux n\u00e9s dans un h\u00f4pital de soins tertiaires\u00a0\u00bb, en collaboration avec son fr\u00e8re, le Dr Jean-Louis Doray.<\/p>\n","protected":false},"excerpt":{"rendered":"<p>Nous souhaitons adresser nos f\u00e9licitations au Dr Jean-Pierre Doray, professeur d\u2019enseignement clinique \u00e0 la Facult\u00e9 de m\u00e9decine et des sciences de la sant\u00e9 de l\u2019Universit\u00e9 de Sherbrooke et clinicien-chercheur \u00e0 l\u2019H\u00f4pital Charles-Le Moyne pour avoir re\u00e7u le prix de la &hellip; <a href=\"https:\/\/santemc.quebec\/icentre\/dr-jean-pierre-doray-recipiendaire-dun-prix\/\">Continuer la lecture <span class=\"meta-nav\">&rarr;<\/span><\/a><\/p>\n","protected":false},"author":9,"featured_media":0,"comment_status":"open","ping_status":"closed","sticky":false,"template":"","format":"standard","meta":{"footnotes":""},"categories":[1],"tags":[],"_links":{"self":[{"href":"https:\/\/santemc.quebec\/icentre\/wp-json\/wp\/v2\/posts\/5759"}],"collection":[{"href":"https:\/\/santemc.quebec\/icentre\/wp-json\/wp\/v2\/posts"}],"about":[{"href":"https:\/\/santemc.quebec\/icentre\/wp-json\/wp\/v2\/types\/post"}],"author":[{"embeddable":true,"href":"https:\/\/santemc.quebec\/icentre\/wp-json\/wp\/v2\/users\/9"}],"replies":[{"embeddable":true,"href":"https:\/\/santemc.quebec\/icentre\/wp-json\/wp\/v2\/comments?post=5759"}],"version-history":[{"count":4,"href":"https:\/\/santemc.quebec\/icentre\/wp-json\/wp\/v2\/posts\/5759\/revisions"}],"predecessor-version":[{"id":5765,"href":"https:\/\/santemc.quebec\/icentre\/wp-json\/wp\/v2\/posts\/5759\/revisions\/5765"}],"wp:attachment":[{"href":"https:\/\/santemc.quebec\/icentre\/wp-json\/wp\/v2\/media?parent=5759"}],"wp:term":[{"taxonomy":"category","embeddable":true,"href":"https:\/\/santemc.quebec\/icentre\/wp-json\/wp\/v2\/categories?post=5759"},{"taxonomy":"post_tag","embeddable":true,"href":"https:\/\/santemc.quebec\/icentre\/wp-json\/wp\/v2\/tags?post=5759"}],"curies":[{"name":"wp","href":"https:\/\/api.w.org\/{rel}","templated":true}]}}