{"id":5769,"date":"2017-11-06T09:16:07","date_gmt":"2017-11-06T14:16:07","guid":{"rendered":"http:\/\/santemc.quebec\/icentre\/?p=5769"},"modified":"2017-11-06T09:18:04","modified_gmt":"2017-11-06T14:18:04","slug":"je-donne-tu-donnes-nous-donnons","status":"publish","type":"post","link":"https:\/\/santemc.quebec\/icentre\/je-donne-tu-donnes-nous-donnons\/","title":{"rendered":"Je donne. Tu donnes. Nous donnons."},"content":{"rendered":"<p><a href=\"http:\/\/santemc.quebec\/santemc\/icentre\/wp-content\/uploads\/2017\/10\/fleur.jpg\"><img decoding=\"async\" loading=\"lazy\" class=\"alignleft wp-image-5583 size-thumbnail\" src=\"http:\/\/santemc.quebec\/santemc\/icentre\/wp-content\/uploads\/2017\/10\/fleur-150x150.jpg\" alt=\"\" width=\"150\" height=\"150\" \/><\/a>La campagne Entraide de notre CISSS bat son plein. Les personnes ayant une sant\u00e9 pr\u00e9caire, celles qui sont exclues socialement, qui vivent dans la pauvret\u00e9 ou encore qui sont victimes d\u2019un sinistre sollicitent votre g\u00e9n\u00e9rosit\u00e9. Un don, peu importe son montant, fait une diff\u00e9rence. Ensemble, conjuguons le verbe donner.<\/p>\n<p><!--more--><\/p>\n<p>Nous vous rappelons que vous avez <strong>jusqu\u2019au 17 novembre<\/strong> pour faire votre don. Pour ce faire, remplissez un <a href=\"http:\/\/www.entraide.gouv.qc.ca\/artisans\/publications\/pdf\/fiche-souscription-generale.pdf\" target=\"_blank\" rel=\"noopener\">formulaire de souscription<\/a>\u00a0et transmettez-le par courriel \u00e0 l\u2019adresse\u00a0<a href=\"mailto:caroline.robert@rrsss16.gouv.qc.ca\">caroline.robert@rrsss16.gouv.qc.ca<\/a><\/p>\n<p>ou par courrier \u00e0 l\u2019attention de\u00a0:<br \/>\nCaroline Robert<br \/>\nDirection des ressources humaines, des communications et des affaires juridiques<br \/>\n365, rue Normand, bureau 1, local 105<br \/>\nSaint-Jean-sur-Richelieu (Qu\u00e9bec)\u00a0\u00a0 J3A 1T6<\/p>\n<p>Pour toute question sur la campagne Entraide, vous pouvez communiquer avec Caroline Robert, technicienne en communication \u00e0 la Direction des ressources humaines, des communications et des affaires juridiques, au 450\u00a0358-2572, poste 3219.<\/p>\n<p>Si vous avez d\u00e9j\u00e0 fait un don \u00e0 la campagne Entraide 2017, nous vous en remercions sinc\u00e8rement.<\/p>\n<p><strong>Note<\/strong> : Si vous souhaitez obtenir une copie papier du formulaire de souscription, adressez-vous \u00e0 votre gestionnaire.<\/p>\n<p>Merci de votre g\u00e9n\u00e9rosit\u00e9!<\/p>\n","protected":false},"excerpt":{"rendered":"<p>La campagne Entraide de notre CISSS bat son plein. Les personnes ayant une sant\u00e9 pr\u00e9caire, celles qui sont exclues socialement, qui vivent dans la pauvret\u00e9 ou encore qui sont victimes d\u2019un sinistre sollicitent votre g\u00e9n\u00e9rosit\u00e9. Un don, peu importe son &hellip; <a href=\"https:\/\/santemc.quebec\/icentre\/je-donne-tu-donnes-nous-donnons\/\">Continuer la lecture <span class=\"meta-nav\">&rarr;<\/span><\/a><\/p>\n","protected":false},"author":9,"featured_media":0,"comment_status":"open","ping_status":"closed","sticky":false,"template":"","format":"standard","meta":{"footnotes":""},"categories":[1],"tags":[],"_links":{"self":[{"href":"https:\/\/santemc.quebec\/icentre\/wp-json\/wp\/v2\/posts\/5769"}],"collection":[{"href":"https:\/\/santemc.quebec\/icentre\/wp-json\/wp\/v2\/posts"}],"about":[{"href":"https:\/\/santemc.quebec\/icentre\/wp-json\/wp\/v2\/types\/post"}],"author":[{"embeddable":true,"href":"https:\/\/santemc.quebec\/icentre\/wp-json\/wp\/v2\/users\/9"}],"replies":[{"embeddable":true,"href":"https:\/\/santemc.quebec\/icentre\/wp-json\/wp\/v2\/comments?post=5769"}],"version-history":[{"count":3,"href":"https:\/\/santemc.quebec\/icentre\/wp-json\/wp\/v2\/posts\/5769\/revisions"}],"predecessor-version":[{"id":5772,"href":"https:\/\/santemc.quebec\/icentre\/wp-json\/wp\/v2\/posts\/5769\/revisions\/5772"}],"wp:attachment":[{"href":"https:\/\/santemc.quebec\/icentre\/wp-json\/wp\/v2\/media?parent=5769"}],"wp:term":[{"taxonomy":"category","embeddable":true,"href":"https:\/\/santemc.quebec\/icentre\/wp-json\/wp\/v2\/categories?post=5769"},{"taxonomy":"post_tag","embeddable":true,"href":"https:\/\/santemc.quebec\/icentre\/wp-json\/wp\/v2\/tags?post=5769"}],"curies":[{"name":"wp","href":"https:\/\/api.w.org\/{rel}","templated":true}]}}