{"id":5774,"date":"2017-11-06T15:13:48","date_gmt":"2017-11-06T20:13:48","guid":{"rendered":"http:\/\/santemc.quebec\/icentre\/?p=5774"},"modified":"2017-11-06T15:45:14","modified_gmt":"2017-11-06T20:45:14","slug":"info-travaux-no-2-3-juillet-2017-copy-copy","status":"publish","type":"post","link":"https:\/\/santemc.quebec\/icentre\/info-travaux-no-2-3-juillet-2017-copy-copy\/","title":{"rendered":"Info-travaux no 4 : 6 novembre 2017"},"content":{"rendered":"<p><img decoding=\"async\" loading=\"lazy\" class=\"alignright wp-image-5085 size-full\" src=\"http:\/\/santemc.quebec\/santemc\/icentre\/wp-content\/uploads\/2017\/07\/banni\u00e8reInfotravaux.png\" alt=\"\" width=\"848\" height=\"258\" srcset=\"https:\/\/santemc.quebec\/santemc\/icentre\/wp-content\/uploads\/2017\/07\/banni\u00e8reInfotravaux.png 848w, https:\/\/santemc.quebec\/santemc\/icentre\/wp-content\/uploads\/2017\/07\/banni\u00e8reInfotravaux-300x91.png 300w, https:\/\/santemc.quebec\/santemc\/icentre\/wp-content\/uploads\/2017\/07\/banni\u00e8reInfotravaux-768x234.png 768w, https:\/\/santemc.quebec\/santemc\/icentre\/wp-content\/uploads\/2017\/07\/banni\u00e8reInfotravaux-500x152.png 500w\" sizes=\"(max-width: 848px) 100vw, 848px\" \/><\/p>\n<p>L\u2019info-travaux est un outil d\u2019information traitant de tout ce qui est en lien avec les diff\u00e9rents projets d\u2019am\u00e9lioration des environnements de soins et de services sur le territoire du CISSS de la Mont\u00e9r\u00e9gie-Centre. Destin\u00e9 \u00e0 tout le personnel et aux m\u00e9decins de l\u2019organisation, vous y trouverez aussi des informations qui pourraient avoir des impacts sur nos usagers.<\/p>\n<p><!--more--><\/p>\n<p><strong>Am\u00e9nagement d&rsquo;une unit\u00e9 de soins transitoire \u25cf H\u00f4pital Charles-Le Moyne<br \/>\n<\/strong><strong><span style=\"color: #29b3c8;\">+ 25 lits d&rsquo;hospitalisation<\/span><\/strong><\/p>\n<p><strong>Sous peu commenceront des travaux afin d\u2019am\u00e9nager une unit\u00e9 de soins transitoire de 25 lits \u00e0 l\u2019H\u00f4pital Charles-Le Moyne.<\/strong><a href=\"http:\/\/santemc.quebec\/santemc\/icentre\/wp-content\/uploads\/2017\/11\/Info-travaux_no4.bmp\"><img decoding=\"async\" loading=\"lazy\" class=\"alignright size-full wp-image-5776\" src=\"http:\/\/santemc.quebec\/santemc\/icentre\/wp-content\/uploads\/2017\/11\/Info-travaux_no4.bmp\" alt=\"\" width=\"1224\" height=\"538\" \/><\/a><\/p>\n<p>L\u2019am\u00e9nagement de ce b\u00e2timent permettra de r\u00e9pondre, temporairement, aux besoins li\u00e9s au rapatriement de la client\u00e8le de la Mont\u00e9r\u00e9gie qui, traditionnellement, consommait ses soins de sant\u00e9 dans le r\u00e9seau montr\u00e9alais.<\/p>\n<p>Consid\u00e9rant qu\u2019une nouvelle unit\u00e9 de soins permanente ne pourra \u00eatre r\u00e9alis\u00e9e avant plusieurs ann\u00e9es, cette unit\u00e9 temporaire, reli\u00e9e de plain-pied au corridor du rez-de-chauss\u00e9e du pavillon F, permettra de combler, d\u00e8s l\u2019\u00e9t\u00e9 2018, le manque de lits \u00e0 combler sur le territoire.<\/p>\n<p>Les travaux entra\u00eeneront le d\u00e9placement, temporaire, des entr\u00e9es de certains stationnements. Des communications seront achemin\u00e9es \u00e0 cet effet et la signalisation sera adapt\u00e9e.<\/p>\n<p><strong>D\u00e9m\u00e9nagement de la clinique d\u2019\u00e9valuation des troubles du spectre de l\u2019autisme \u25cf Institut Nazareth et Louis-Braille<br \/>\n<\/strong><span style=\"color: #33cccc;\"><strong>+\u00a0R\u00e9am\u00e9nagement du secteur d\u2019endoscopie \u00e0 l\u2019H\u00f4pital Charles-Le Moyne<\/strong><\/span><\/p>\n<p><strong>La clinique d\u2019\u00e9valuation des troubles du spectre de l\u2019autisme am\u00e9nageait, le 24 octobre dernier, dans de nouveaux locaux situ\u00e9s \u00e0 l\u2019Institut Nazareth et Louis-Braille. Ce mouvement s\u2019inscrit en respect des orientations voulant que les services ne n\u00e9cessitant pas l\u2019acc\u00e8s aux plateaux techniques hospitaliers soient, lorsque possible, offerts \u00e0 l\u2019ext\u00e9rieur de l\u2019H\u00f4pital.<\/strong><\/p>\n<p>La relocalisation de cette clinique s\u2019actualise en pr\u00e9vision de l\u2019am\u00e9nagement d\u2019un tout nouveau secteur pour le service d\u2019endoscopie au sous-sol de l\u2019H\u00f4pital Charles-Le Moyne. Ce mouvement permettra de transformer les espaces laiss\u00e9s vacants afin de d\u00e9velopper les services d\u2019endoscopie et d\u2019am\u00e9liorer l\u2019environnement dans lequel ils sont offerts.<\/p>\n<p><strong>\u00c9volution des chantiers du rez-de-chauss\u00e9e \u25cf H\u00f4pital du Haut-Richelieu<br \/>\n<\/strong><strong><span style=\"color: #29b3c8;\">+ De nouveaux locaux pour les employ\u00e9s et les \u00e9quipes de professionnels<\/span><\/strong><\/p>\n<p><strong>Au rez-de-chauss\u00e9e<\/strong><br \/>\nLes travaux commenc\u00e9s au d\u00e9but de l\u2019\u00e9t\u00e9 au rez-de-chauss\u00e9e de l\u2019H\u00f4pital du Haut-Richelieu se poursuivent cet automne dans le secteur de l\u2019ancienne urgence. Rappelons que ces travaux ont pour but d\u2019accueillir le secteur de la m\u00e9decine ambulatoire, pr\u00e9sentement situ\u00e9 au 3e Ouest, afin de favoriser la circulation de la client\u00e8le ambulatoire au rez-de-chauss\u00e9e de l\u2019H\u00f4pital plut\u00f4t que sur les \u00e9tages.<\/p>\n<p>De plus, d\u2019importants travaux sont en cours en lien avec la mise aux normes des gicleurs situ\u00e9s au rez-de-chauss\u00e9e pour plusieurs locaux adjacents \u00e0 la nouvelle aile.<\/p>\n<p>Quant au chantier des cliniques externes, les travaux ex\u00e9cut\u00e9s au niveau des plafonds tirent \u00e0 leur fin. En effet, la fin de semaine derni\u00e8re, l\u2019entrepreneur a proc\u00e9d\u00e9 au d\u00e9mant\u00e8lement de ses cloisons temporaires. Le corridor des cliniques externes retrouve ainsi sa pleine largeur. Toutefois, plusieurs locaux demeurent en zone de chantier pour des travaux \u00e0 venir.<\/p>\n<div id=\"attachment_5778\" style=\"width: 235px\" class=\"wp-caption alignright\"><a href=\"http:\/\/santemc.quebec\/santemc\/icentre\/wp-content\/uploads\/2017\/11\/promenade_vitree.jpg\"><img aria-describedby=\"caption-attachment-5778\" decoding=\"async\" loading=\"lazy\" class=\"wp-image-5778 size-medium\" src=\"http:\/\/santemc.quebec\/santemc\/icentre\/wp-content\/uploads\/2017\/11\/promenade_vitree-225x300.jpg\" alt=\"\" width=\"225\" height=\"300\" srcset=\"https:\/\/santemc.quebec\/santemc\/icentre\/wp-content\/uploads\/2017\/11\/promenade_vitree-225x300.jpg 225w, https:\/\/santemc.quebec\/santemc\/icentre\/wp-content\/uploads\/2017\/11\/promenade_vitree.jpg 470w\" sizes=\"(max-width: 225px) 100vw, 225px\" \/><\/a><p id=\"caption-attachment-5778\" class=\"wp-caption-text\">La galerie de verre, vue \u00e0 partir de la nouvelle urgence. Au bout compl\u00e8tement du corridor, \u00e0 droite, se trouvent les cliniques externes.<\/p><\/div>\n<p><strong>Promenade vitr\u00e9e maintenant ouverte!<\/strong><br \/>\nDepuis le 30 octobre, les usagers et le personnel souhaitant circuler entre l\u2019entr\u00e9e principale de l\u2019H\u00f4pital du Haut-Richelieu et la nouvelle urgence peuvent emprunter la lumineuse promenade vitr\u00e9e qui longe la rue McMillan. Cette section de l\u2019agrandissement majeur aussi appel\u00e9e \u00ab galerie de verre \u00bb est l\u2019un des \u00e9l\u00e9ments-phares de l\u2019architecture de la nouvelle aile. Son ouverture marque une autre \u00e9tape importante dans la r\u00e9alisation de l\u2019agrandissement.<\/p>\n<p>&nbsp;<\/p>\n<p><strong>Am\u00e9nagement du d\u00e9barcad\u00e8re de la nouvelle urgence<\/strong><br \/>\nDes travaux ext\u00e9rieurs sont \u00e9galement en cours pr\u00e8s de la nouvelle urgence afin de compl\u00e9ter l\u2019am\u00e9nagement du d\u00e9barcad\u00e8re pour la client\u00e8le. Ces travaux devraient \u00eatre compl\u00e9t\u00e9s la semaine prochaine. Un nouvel am\u00e9nagement paysager sera aussi r\u00e9alis\u00e9 aux abords de la rue McMillan afin de cr\u00e9er un passage ext\u00e9rieur pour la client\u00e8le ambulatoire qui d\u00e9sire se rendre \u00e0 la nouvelle urgence \u00e0 partir du stationnement avant de l\u2019H\u00f4pital.<\/p>\n<p>Prochainement, le personnel pourra acc\u00e9der au sous-sol de l\u2019agrandissement par une nouvelle porte dont l\u2019acc\u00e8s sera contr\u00f4l\u00e9.<\/p>\n<p><strong>\u00c9volution du chantier au 2e \u00e9tage \u25cf H\u00f4pital du Haut-Richelieu<\/strong><strong><br \/>\n<\/strong><strong><span style=\"color: #29b3c8;\">+ De nouveaux locaux pour la client\u00e8le et les \u00e9quipes de professionnels<\/span><\/strong><\/p>\n<p><a href=\"http:\/\/santemc.quebec\/santemc\/icentre\/wp-content\/uploads\/2017\/11\/chantier_2e_HHR.jpg\"><img decoding=\"async\" loading=\"lazy\" class=\"size-medium wp-image-5779 alignleft\" src=\"http:\/\/santemc.quebec\/santemc\/icentre\/wp-content\/uploads\/2017\/11\/chantier_2e_HHR-265x300.jpg\" alt=\"\" width=\"265\" height=\"300\" srcset=\"https:\/\/santemc.quebec\/santemc\/icentre\/wp-content\/uploads\/2017\/11\/chantier_2e_HHR-265x300.jpg 265w, https:\/\/santemc.quebec\/santemc\/icentre\/wp-content\/uploads\/2017\/11\/chantier_2e_HHR.jpg 626w\" sizes=\"(max-width: 265px) 100vw, 265px\" \/><\/a>Le chantier de la salle de r\u00e9veil et de la chirurgie d\u2019un jour au 2e \u00e9tage de l\u2019H\u00f4pital du Haut-Richelieu progresse tel que pr\u00e9vu, alors que l\u2019entrepreneur s\u2019appr\u00eate \u00e0 \u00e9riger les cloisons pour diviser les espaces.<\/p>\n<p>Depuis l\u2019\u00e9t\u00e9, plusieurs \u00e9tapes ont \u00e9t\u00e9 franchies, dont la d\u00e9molition, la modification de la composition du mur ext\u00e9rieur et de la ventilation pour am\u00e9liorer le confort, l\u2019installation des syst\u00e8mes m\u00e9caniques et de plomberie et la pose des nouvelles fen\u00eatres.<\/p>\n<p>Prochainement, l\u2019entrepreneur posera les panneaux de gypse et r\u00e9alisera la finition des surfaces.<\/p>\n<p>La livraison finale des locaux est pr\u00e9vue \u00e0 la fin de l\u2019hiver 2018.<\/p>\n<p><strong>L\u2019\u00e9quipe du bureau de projets organisationnels (BPO)<br \/>\n<\/strong>Marie Jos\u00e9e Boutin, charg\u00e9e de projet \u2013 volet technique, RLS du HRR<br \/>\nJulie Bouvier, charg\u00e9e de projet \u2013 volet technique, RLS de Champlain<br \/>\nJulie Faucher, charg\u00e9e de projet \u2013 volet clinique, RLS de Champlain<br \/>\nAndr\u00e9e Legault, charg\u00e9e de projet \u2013 volet clinique, RLS du HRR<br \/>\nLise Pouliot, pr\u00e9sidente-directrice g\u00e9n\u00e9rale adjointe<\/p>\n<p><a href=\"http:\/\/santemc.quebec\/santemc\/icentre\/wp-content\/uploads\/2017\/11\/Info-travaux_no4_final.pdf\" target=\"_blank\" rel=\"noopener\">Version PDF pour impression<\/a><\/p>\n<p>&nbsp;<\/p>\n","protected":false},"excerpt":{"rendered":"<p>L\u2019info-travaux est un outil d\u2019information traitant de tout ce qui est en lien avec les diff\u00e9rents projets d\u2019am\u00e9lioration des environnements de soins et de services sur le territoire du CISSS de la Mont\u00e9r\u00e9gie-Centre. Destin\u00e9 \u00e0 tout le personnel et aux &hellip; <a href=\"https:\/\/santemc.quebec\/icentre\/info-travaux-no-2-3-juillet-2017-copy-copy\/\">Continuer la lecture <span class=\"meta-nav\">&rarr;<\/span><\/a><\/p>\n","protected":false},"author":9,"featured_media":0,"comment_status":"open","ping_status":"closed","sticky":false,"template":"","format":"standard","meta":{"footnotes":""},"categories":[1],"tags":[94],"_links":{"self":[{"href":"https:\/\/santemc.quebec\/icentre\/wp-json\/wp\/v2\/posts\/5774"}],"collection":[{"href":"https:\/\/santemc.quebec\/icentre\/wp-json\/wp\/v2\/posts"}],"about":[{"href":"https:\/\/santemc.quebec\/icentre\/wp-json\/wp\/v2\/types\/post"}],"author":[{"embeddable":true,"href":"https:\/\/santemc.quebec\/icentre\/wp-json\/wp\/v2\/users\/9"}],"replies":[{"embeddable":true,"href":"https:\/\/santemc.quebec\/icentre\/wp-json\/wp\/v2\/comments?post=5774"}],"version-history":[{"count":5,"href":"https:\/\/santemc.quebec\/icentre\/wp-json\/wp\/v2\/posts\/5774\/revisions"}],"predecessor-version":[{"id":5785,"href":"https:\/\/santemc.quebec\/icentre\/wp-json\/wp\/v2\/posts\/5774\/revisions\/5785"}],"wp:attachment":[{"href":"https:\/\/santemc.quebec\/icentre\/wp-json\/wp\/v2\/media?parent=5774"}],"wp:term":[{"taxonomy":"category","embeddable":true,"href":"https:\/\/santemc.quebec\/icentre\/wp-json\/wp\/v2\/categories?post=5774"},{"taxonomy":"post_tag","embeddable":true,"href":"https:\/\/santemc.quebec\/icentre\/wp-json\/wp\/v2\/tags?post=5774"}],"curies":[{"name":"wp","href":"https:\/\/api.w.org\/{rel}","templated":true}]}}