{"id":5790,"date":"2017-11-08T09:58:53","date_gmt":"2017-11-08T14:58:53","guid":{"rendered":"http:\/\/santemc.quebec\/icentre\/?p=5790"},"modified":"2017-11-08T09:58:53","modified_gmt":"2017-11-08T14:58:53","slug":"le-service-de-veille-informationnelle-centre-veille-fait-peau-neuve-et-rend-disponible-son-contenu-a-tous","status":"publish","type":"post","link":"https:\/\/santemc.quebec\/icentre\/le-service-de-veille-informationnelle-centre-veille-fait-peau-neuve-et-rend-disponible-son-contenu-a-tous\/","title":{"rendered":"Le service de veille informationnelle Centre-Veille fait peau neuve et rend disponible son contenu \u00e0 tous!"},"content":{"rendered":"<p><a href=\"http:\/\/santemc.quebec\/santemc\/icentre\/wp-content\/uploads\/2017\/11\/centre-veille.png\"><img decoding=\"async\" loading=\"lazy\" class=\"size-medium wp-image-5792 alignleft\" src=\"http:\/\/santemc.quebec\/santemc\/icentre\/wp-content\/uploads\/2017\/11\/centre-veille-300x113.png\" alt=\"\" width=\"300\" height=\"113\" srcset=\"https:\/\/santemc.quebec\/santemc\/icentre\/wp-content\/uploads\/2017\/11\/centre-veille-300x113.png 300w, https:\/\/santemc.quebec\/santemc\/icentre\/wp-content\/uploads\/2017\/11\/centre-veille.png 767w, https:\/\/santemc.quebec\/santemc\/icentre\/wp-content\/uploads\/2017\/11\/centre-veille-500x188.png 500w\" sizes=\"(max-width: 300px) 100vw, 300px\" \/><\/a>Lanc\u00e9 il y a un an par la Direction de l\u2019enseignement et des affaires universitaires (DEAU) et la Direction de la qualit\u00e9, de l\u2019\u00e9valuation, de la performance, de l\u2019\u00e9thique et Lean (DQ\u00c9P\u00c9L), ce service permet de demeurer \u00e0 l\u2019aff\u00fbt des nouvelles publications d\u2019int\u00e9r\u00eat clinico-administratif gr\u00e2ce \u00e0 la surveillance d\u2019organisations cibl\u00e9es et reconnues en sant\u00e9 et en services sociaux et \u00e0 l\u2019envoi des titres retenus selon les th\u00e9matiques choisies.<\/p>\n<p><!--more--><\/p>\n<p>D\u00e9sormais, vous pouvez effectuer vos propres recherches et naviguer \u00e0 travers les publications retenues depuis la cr\u00e9ation de <em>Centre-Veille<\/em>. Les titres s\u00e9lectionn\u00e9s sont r\u00e9pertori\u00e9s selon dix th\u00e9matiques qui repr\u00e9sentent les directions cliniques du CISSS de la Mont\u00e9r\u00e9gie-Centre et qui refl\u00e8tent l\u2019organisation des services actuellement en place.<\/p>\n<p><em>Centre-Veille<\/em> vous permet de vous tenir \u00e0 jour et vous fait gagner du temps!<\/p>\n<p>Nous vous invitons \u00e0 ajouter ce lien \u00e0 vos favoris et \u00e0 vous abonner\u00a0:<br \/>\n<a href=\"http:\/\/extranet.santemonteregie.qc.ca\/documentation\/centreveille\/index.fr.html\" target=\"_blank\" rel=\"noopener\">http:\/\/extranet.santemonteregie.qc.ca\/documentation\/centreveille\/index.fr.html<\/a><\/p>\n<p>De plus, <em>Centre-Veille<\/em> redonne acc\u00e8s \u00e0 l\u2019ensemble des publications recens\u00e9es par le bulletin de veille informationnelle <em>VIsAge<\/em> de l\u2019ex-Agence de la sant\u00e9 et des services sociaux de la Mont\u00e9r\u00e9gie qui a publi\u00e9 111 num\u00e9ros sur une p\u00e9riode de 11 ans.<\/p>\n<p>Pour toute information, vous pouvez \u00e9crire \u00e0\u00a0: <a href=\"mailto:services.documentaires.cisssmc16@ssss.gouv.qc.ca\" target=\"_blank\" rel=\"noopener\">services.documentaires.cisssmc16@ssss.gouv.qc.ca<\/a><\/p>\n","protected":false},"excerpt":{"rendered":"<p>Lanc\u00e9 il y a un an par la Direction de l\u2019enseignement et des affaires universitaires (DEAU) et la Direction de la qualit\u00e9, de l\u2019\u00e9valuation, de la performance, de l\u2019\u00e9thique et Lean (DQ\u00c9P\u00c9L), ce service permet de demeurer \u00e0 l\u2019aff\u00fbt des &hellip; <a href=\"https:\/\/santemc.quebec\/icentre\/le-service-de-veille-informationnelle-centre-veille-fait-peau-neuve-et-rend-disponible-son-contenu-a-tous\/\">Continuer la lecture <span class=\"meta-nav\">&rarr;<\/span><\/a><\/p>\n","protected":false},"author":9,"featured_media":0,"comment_status":"open","ping_status":"closed","sticky":false,"template":"","format":"standard","meta":{"footnotes":""},"categories":[1],"tags":[],"_links":{"self":[{"href":"https:\/\/santemc.quebec\/icentre\/wp-json\/wp\/v2\/posts\/5790"}],"collection":[{"href":"https:\/\/santemc.quebec\/icentre\/wp-json\/wp\/v2\/posts"}],"about":[{"href":"https:\/\/santemc.quebec\/icentre\/wp-json\/wp\/v2\/types\/post"}],"author":[{"embeddable":true,"href":"https:\/\/santemc.quebec\/icentre\/wp-json\/wp\/v2\/users\/9"}],"replies":[{"embeddable":true,"href":"https:\/\/santemc.quebec\/icentre\/wp-json\/wp\/v2\/comments?post=5790"}],"version-history":[{"count":1,"href":"https:\/\/santemc.quebec\/icentre\/wp-json\/wp\/v2\/posts\/5790\/revisions"}],"predecessor-version":[{"id":5793,"href":"https:\/\/santemc.quebec\/icentre\/wp-json\/wp\/v2\/posts\/5790\/revisions\/5793"}],"wp:attachment":[{"href":"https:\/\/santemc.quebec\/icentre\/wp-json\/wp\/v2\/media?parent=5790"}],"wp:term":[{"taxonomy":"category","embeddable":true,"href":"https:\/\/santemc.quebec\/icentre\/wp-json\/wp\/v2\/categories?post=5790"},{"taxonomy":"post_tag","embeddable":true,"href":"https:\/\/santemc.quebec\/icentre\/wp-json\/wp\/v2\/tags?post=5790"}],"curies":[{"name":"wp","href":"https:\/\/api.w.org\/{rel}","templated":true}]}}