{"id":58,"date":"2015-04-01T14:43:56","date_gmt":"2015-04-01T13:43:56","guid":{"rendered":"http:\/\/santemc.quebec\/journal\/?p=58"},"modified":"2015-05-06T17:01:46","modified_gmt":"2015-05-06T16:01:46","slug":"cisss-de-la-monteregie-centre-cest-un-depart","status":"publish","type":"post","link":"https:\/\/santemc.quebec\/icentre\/cisss-de-la-monteregie-centre-cest-un-depart\/","title":{"rendered":"CISSS de la Mont\u00e9r\u00e9gie-Centre : c\u2019est un d\u00e9part !"},"content":{"rendered":"<p>Aujourd\u2019hui, le 1er avril, marque la cr\u00e9ation du Centre int\u00e9gr\u00e9 de sant\u00e9<br \/>\net de services sociaux de la Mont\u00e9r\u00e9gie-Centre et c\u2019est avec\u00a0enthousiasme que je prends la direction de cette nouvelle organisation\u00a0comme pr\u00e9sident-directeur g\u00e9n\u00e9ral.<!--more--><\/p>\n<p>Une importante transformation de notre r\u00e9seau s\u2019amorce donc\u00a0officiellement. J\u2019entrevois cette \u00e9tape charni\u00e8re comme un nouveau\u00a0d\u00e9fi pour le personnel et les m\u00e9decins issus des CSSS Haut-Richelieu\u2014Rouville et Champlain\u2014Charles-Le Moyne, de l\u2019Institut Nazareth et\u00a0Louis-Braille ainsi que de certaines missions de l\u2019Agence. Je suis<br \/>\nconvaincu que la r\u00e9organisation \u00e0 laquelle nous sommes convi\u00e9s sera au service de l\u2019am\u00e9lioration de\u00a0l\u2019accessibilit\u00e9, de la continuit\u00e9, de la qualit\u00e9 et de la fluidit\u00e9 de nos services tout en permettant des\u00a0gains d\u2019efficacit\u00e9 et d\u2019efficience.<\/p>\n<p>Certes, nous vivrons ensemble une p\u00e9riode de grand changement nous incitant \u00e0 faire preuve de\u00a0beaucoup de souplesse, d\u2019innovation, de rigueur mais aussi de collaboration et de coop\u00e9ration.<\/p>\n<p>Durant cette p\u00e9riode, je vous invite \u00e0 continuer d\u2019accomplir quotidiennement ce que vous faites de\u00a0mieux c\u2019est-\u00e0-dire prendre soin de nos usagers et de leur bien-\u00eatre en prodiguant des soins et des\u00a0services de qualit\u00e9 qui r\u00e9pondent aux diff\u00e9rentes missions de notre \u00e9tablissement.<\/p>\n<p>Au cours des prochains mois, une nouvelle structure organisationnelle sera mise en place, mais pour\u00a0cette phase de transition, les gestionnaires dont les postes ont \u00e9t\u00e9 abolis demeureront\u00a0temporairement en fonction afin de maintenir les op\u00e9rations courantes. De plus, bien que le si\u00e8ge\u00a0social du CISSS de la Mont\u00e9r\u00e9gie-Centre sera situ\u00e9 \u00e0 l\u2019H\u00f4pital Charles-Le Moyne, j\u2019assurerai une\u00a0pr\u00e9sence hebdomadaire \u00e0 Saint-Jean-sur-Richelieu.<\/p>\n<p>Enfin, dans un souci d\u2019apprendre \u00e0 mieux se conna\u00eetre et d\u2019entendre vos pr\u00e9occupations,<br \/>\nj\u2019entreprendrai au cours des prochains jours une tourn\u00e9e des installations de notre CISSS. En\u00a0attendant de pouvoir vous rencontrer, je vous remercie \u00e0 l\u2019avance de votre collaboration.<\/p>\n<p>\u00c0 bient\u00f4t!<\/p>\n","protected":false},"excerpt":{"rendered":"<p>Aujourd\u2019hui, le 1er avril, marque la cr\u00e9ation du Centre int\u00e9gr\u00e9 de sant\u00e9 et de services sociaux de la Mont\u00e9r\u00e9gie-Centre et c\u2019est avec\u00a0enthousiasme que je prends la direction de cette nouvelle organisation\u00a0comme pr\u00e9sident-directeur g\u00e9n\u00e9ral.<\/p>\n","protected":false},"author":1,"featured_media":0,"comment_status":"open","ping_status":"closed","sticky":false,"template":"","format":"standard","meta":{"footnotes":""},"categories":[9],"tags":[],"_links":{"self":[{"href":"https:\/\/santemc.quebec\/icentre\/wp-json\/wp\/v2\/posts\/58"}],"collection":[{"href":"https:\/\/santemc.quebec\/icentre\/wp-json\/wp\/v2\/posts"}],"about":[{"href":"https:\/\/santemc.quebec\/icentre\/wp-json\/wp\/v2\/types\/post"}],"author":[{"embeddable":true,"href":"https:\/\/santemc.quebec\/icentre\/wp-json\/wp\/v2\/users\/1"}],"replies":[{"embeddable":true,"href":"https:\/\/santemc.quebec\/icentre\/wp-json\/wp\/v2\/comments?post=58"}],"version-history":[{"count":1,"href":"https:\/\/santemc.quebec\/icentre\/wp-json\/wp\/v2\/posts\/58\/revisions"}],"predecessor-version":[{"id":59,"href":"https:\/\/santemc.quebec\/icentre\/wp-json\/wp\/v2\/posts\/58\/revisions\/59"}],"wp:attachment":[{"href":"https:\/\/santemc.quebec\/icentre\/wp-json\/wp\/v2\/media?parent=58"}],"wp:term":[{"taxonomy":"category","embeddable":true,"href":"https:\/\/santemc.quebec\/icentre\/wp-json\/wp\/v2\/categories?post=58"},{"taxonomy":"post_tag","embeddable":true,"href":"https:\/\/santemc.quebec\/icentre\/wp-json\/wp\/v2\/tags?post=58"}],"curies":[{"name":"wp","href":"https:\/\/api.w.org\/{rel}","templated":true}]}}