{"id":5803,"date":"2017-11-09T13:35:48","date_gmt":"2017-11-09T18:35:48","guid":{"rendered":"http:\/\/santemc.quebec\/icentre\/?p=5803"},"modified":"2017-11-09T13:42:25","modified_gmt":"2017-11-09T18:42:25","slug":"renouvellement-du-mandat-de-m-pierre-boucher-president-du-conseil-dadministration","status":"publish","type":"post","link":"https:\/\/santemc.quebec\/icentre\/renouvellement-du-mandat-de-m-pierre-boucher-president-du-conseil-dadministration\/","title":{"rendered":"Renouvellement du mandat de M. Pierre Boucher, pr\u00e9sident du conseil d\u2019administration"},"content":{"rendered":"<p><a href=\"http:\/\/santemc.quebec\/santemc\/icentre\/wp-content\/uploads\/2017\/11\/Pierre_Boucher_VF.jpg\"><img decoding=\"async\" loading=\"lazy\" class=\"size-medium wp-image-5808 alignleft\" src=\"http:\/\/santemc.quebec\/santemc\/icentre\/wp-content\/uploads\/2017\/11\/Pierre_Boucher_VF-208x300.jpg\" alt=\"\" width=\"208\" height=\"300\" srcset=\"https:\/\/santemc.quebec\/santemc\/icentre\/wp-content\/uploads\/2017\/11\/Pierre_Boucher_VF-208x300.jpg 208w, https:\/\/santemc.quebec\/santemc\/icentre\/wp-content\/uploads\/2017\/11\/Pierre_Boucher_VF.jpg 250w\" sizes=\"(max-width: 208px) 100vw, 208px\" \/><\/a>R\u00e9cemment, le ministre de la Sant\u00e9 et des Services sociaux renouvelait pour une p\u00e9riode de deux ans le mandat de M. Pierre Boucher, pr\u00e9sident du conseil d\u2019administration du CISSS de la Mont\u00e9r\u00e9gie-Centre depuis 2015.<\/p>\n<p>C\u2019est avec joie que j\u2019ai accueilli cette nouvelle. Je tiens donc \u00e0 f\u00e9liciter chaleureusement M. Boucher pour son engagement au sein de notre conseil d\u2019administration. Son souci constant de la qualit\u00e9 des soins et des services offerts \u00e0 la population de m\u00eame que sa grande consid\u00e9ration du travail des membres du personnel et des m\u00e9decins sont au c\u0153ur de ses pr\u00e9occupations. Je suis donc tr\u00e8s heureux de pouvoir compter sur sa participation \u00e0 poursuivre notre fructueuse collaboration.<\/p>\n<p><!--more--><\/p>\n<p>En terminant, je tiens \u00e9galement \u00e0 remercier tous les membres du conseil d\u2019administration du CISSS de la Mont\u00e9r\u00e9gie-Centre. Leur grande implication et leur apport important \u00e0 la gouvernance de notre organisation en font des partenaires de premier plan.<\/p>\n<p>Richard Deschamps, pr\u00e9sident-directeur g\u00e9n\u00e9ral<\/p>\n","protected":false},"excerpt":{"rendered":"<p>R\u00e9cemment, le ministre de la Sant\u00e9 et des Services sociaux renouvelait pour une p\u00e9riode de deux ans le mandat de M. Pierre Boucher, pr\u00e9sident du conseil d\u2019administration du CISSS de la Mont\u00e9r\u00e9gie-Centre depuis 2015. C\u2019est avec joie que j\u2019ai accueilli &hellip; <a href=\"https:\/\/santemc.quebec\/icentre\/renouvellement-du-mandat-de-m-pierre-boucher-president-du-conseil-dadministration\/\">Continuer la lecture <span class=\"meta-nav\">&rarr;<\/span><\/a><\/p>\n","protected":false},"author":9,"featured_media":0,"comment_status":"open","ping_status":"closed","sticky":false,"template":"","format":"standard","meta":{"footnotes":""},"categories":[1],"tags":[],"_links":{"self":[{"href":"https:\/\/santemc.quebec\/icentre\/wp-json\/wp\/v2\/posts\/5803"}],"collection":[{"href":"https:\/\/santemc.quebec\/icentre\/wp-json\/wp\/v2\/posts"}],"about":[{"href":"https:\/\/santemc.quebec\/icentre\/wp-json\/wp\/v2\/types\/post"}],"author":[{"embeddable":true,"href":"https:\/\/santemc.quebec\/icentre\/wp-json\/wp\/v2\/users\/9"}],"replies":[{"embeddable":true,"href":"https:\/\/santemc.quebec\/icentre\/wp-json\/wp\/v2\/comments?post=5803"}],"version-history":[{"count":6,"href":"https:\/\/santemc.quebec\/icentre\/wp-json\/wp\/v2\/posts\/5803\/revisions"}],"predecessor-version":[{"id":5814,"href":"https:\/\/santemc.quebec\/icentre\/wp-json\/wp\/v2\/posts\/5803\/revisions\/5814"}],"wp:attachment":[{"href":"https:\/\/santemc.quebec\/icentre\/wp-json\/wp\/v2\/media?parent=5803"}],"wp:term":[{"taxonomy":"category","embeddable":true,"href":"https:\/\/santemc.quebec\/icentre\/wp-json\/wp\/v2\/categories?post=5803"},{"taxonomy":"post_tag","embeddable":true,"href":"https:\/\/santemc.quebec\/icentre\/wp-json\/wp\/v2\/tags?post=5803"}],"curies":[{"name":"wp","href":"https:\/\/api.w.org\/{rel}","templated":true}]}}