{"id":5819,"date":"2017-11-16T09:15:22","date_gmt":"2017-11-16T14:15:22","guid":{"rendered":"http:\/\/santemc.quebec\/icentre\/?p=5819"},"modified":"2017-11-21T13:43:23","modified_gmt":"2017-11-21T18:43:23","slug":"votre-enfant-aime-dessiner","status":"publish","type":"post","link":"https:\/\/santemc.quebec\/icentre\/votre-enfant-aime-dessiner\/","title":{"rendered":"Votre enfant aime dessiner?"},"content":{"rendered":"<p><strong><a href=\"http:\/\/santemc.quebec\/santemc\/icentre\/wp-content\/uploads\/2017\/11\/affiche_concours_2017.jpg\"><img decoding=\"async\" loading=\"lazy\" class=\"size-medium wp-image-5823 alignleft\" src=\"http:\/\/santemc.quebec\/santemc\/icentre\/wp-content\/uploads\/2017\/11\/affiche_concours_2017-194x300.jpg\" alt=\"\" width=\"194\" height=\"300\" srcset=\"https:\/\/santemc.quebec\/santemc\/icentre\/wp-content\/uploads\/2017\/11\/affiche_concours_2017-194x300.jpg 194w, https:\/\/santemc.quebec\/santemc\/icentre\/wp-content\/uploads\/2017\/11\/affiche_concours_2017-768x1187.jpg 768w, https:\/\/santemc.quebec\/santemc\/icentre\/wp-content\/uploads\/2017\/11\/affiche_concours_2017-663x1024.jpg 663w\" sizes=\"(max-width: 194px) 100vw, 194px\" \/><\/a>** Plus que quelques jours pour soumettre un chef-d\u2019\u0153uvre dans le cadre du concours de dessins 2017. **<\/strong><\/p>\n<p>La cr\u00e9ativit\u00e9 de votre enfant pourrait lui valoir la \u00ab une \u00bb des cartes de souhaits du CISSS de la Mont\u00e9r\u00e9gie-Centre et un cadeau surprise.\u00a0Cette deuxi\u00e8me \u00e9dition du concours s\u2019adresse aux enfants des employ\u00e9s et des m\u00e9decins, \u00e2g\u00e9s entre 4 et 12 ans. Le concours a pour th\u00e8me \u00a0\u00ab Qu\u2019est-ce qui fait briller tes yeux pendant le temps des f\u00eates?\u00a0\u00bb Ne tardez pas pour y participer!<\/p>\n<p><!--more--><\/p>\n<p><strong>Comment participer?<br \/>\n<\/strong>Les dessins doivent \u00eatre transmis <u>par courrier interne<\/u> avant le <strong>22 novembre<\/strong> aux personnes suivantes\u00a0:<\/p>\n<ul>\n<li>Installations du RLS de Champlain :<br \/>\nChristine Doiron, 2727, boul. Taschereau<\/li>\n<\/ul>\n<ul>\n<li>Installations du RLS du Haut-Richelieu\u2014Rouville :<br \/>\nFrancine Choini\u00e8re,\u00a0 365, rue Normand<\/li>\n<\/ul>\n<p>Un enfant ne peut soumettre plus d\u2019un dessin et ce dernier doit \u00eatre de format lettre, orientation paysage. Afin de retracer l\u2019artiste d\u2019un chef-d\u2019\u0153uvre, il est essentiel d\u2019identifier, au verso, l\u2019enfant (nom, pr\u00e9nom et \u00e2ge) et le parent (nom, pr\u00e9nom, titre d\u2019emploi et nom de l\u2019installation o\u00f9 vous travaillez).<\/p>\n<p>Les gagnants seront d\u00e9voil\u00e9s dans la semaine du 11 d\u00e9cembre 2017.<\/p>\n<p><a href=\"http:\/\/santemc.quebec\/santemc\/icentre\/wp-content\/uploads\/2017\/11\/reglements_2017.pdf\" target=\"_blank\" rel=\"noopener\">Consulter tous les r\u00e8glements<\/a><\/p>\n","protected":false},"excerpt":{"rendered":"<p>** Plus que quelques jours pour soumettre un chef-d\u2019\u0153uvre dans le cadre du concours de dessins 2017. ** La cr\u00e9ativit\u00e9 de votre enfant pourrait lui valoir la \u00ab une \u00bb des cartes de souhaits du CISSS de la Mont\u00e9r\u00e9gie-Centre et &hellip; <a href=\"https:\/\/santemc.quebec\/icentre\/votre-enfant-aime-dessiner\/\">Continuer la lecture <span class=\"meta-nav\">&rarr;<\/span><\/a><\/p>\n","protected":false},"author":9,"featured_media":0,"comment_status":"open","ping_status":"closed","sticky":false,"template":"","format":"standard","meta":{"footnotes":""},"categories":[1],"tags":[],"_links":{"self":[{"href":"https:\/\/santemc.quebec\/icentre\/wp-json\/wp\/v2\/posts\/5819"}],"collection":[{"href":"https:\/\/santemc.quebec\/icentre\/wp-json\/wp\/v2\/posts"}],"about":[{"href":"https:\/\/santemc.quebec\/icentre\/wp-json\/wp\/v2\/types\/post"}],"author":[{"embeddable":true,"href":"https:\/\/santemc.quebec\/icentre\/wp-json\/wp\/v2\/users\/9"}],"replies":[{"embeddable":true,"href":"https:\/\/santemc.quebec\/icentre\/wp-json\/wp\/v2\/comments?post=5819"}],"version-history":[{"count":9,"href":"https:\/\/santemc.quebec\/icentre\/wp-json\/wp\/v2\/posts\/5819\/revisions"}],"predecessor-version":[{"id":5881,"href":"https:\/\/santemc.quebec\/icentre\/wp-json\/wp\/v2\/posts\/5819\/revisions\/5881"}],"wp:attachment":[{"href":"https:\/\/santemc.quebec\/icentre\/wp-json\/wp\/v2\/media?parent=5819"}],"wp:term":[{"taxonomy":"category","embeddable":true,"href":"https:\/\/santemc.quebec\/icentre\/wp-json\/wp\/v2\/categories?post=5819"},{"taxonomy":"post_tag","embeddable":true,"href":"https:\/\/santemc.quebec\/icentre\/wp-json\/wp\/v2\/tags?post=5819"}],"curies":[{"name":"wp","href":"https:\/\/api.w.org\/{rel}","templated":true}]}}