{"id":5827,"date":"2017-11-23T14:48:56","date_gmt":"2017-11-23T19:48:56","guid":{"rendered":"http:\/\/santemc.quebec\/icentre\/?p=5827"},"modified":"2017-11-23T14:58:37","modified_gmt":"2017-11-23T19:58:37","slug":"26-employes-retournent-sur-les-bancs-decole-pour-devenir-preposes-aux-beneficiaires","status":"publish","type":"post","link":"https:\/\/santemc.quebec\/icentre\/26-employes-retournent-sur-les-bancs-decole-pour-devenir-preposes-aux-beneficiaires\/","title":{"rendered":"26 employ\u00e9s retournent sur les bancs d\u2019\u00e9cole pour devenir pr\u00e9pos\u00e9s aux b\u00e9n\u00e9ficiaires"},"content":{"rendered":"<p>L\u2019\u00e9t\u00e9 dernier, 15 employ\u00e9s de notre organisation terminaient avec succ\u00e8s une formation offerte par le CISSS de la Mont\u00e9r\u00e9gie-Centre afin de devenir pr\u00e9pos\u00e9 aux b\u00e9n\u00e9ficiaires. D\u00e8s l\u2019obtention de leur dipl\u00f4me, les membres de cette premi\u00e8re cohorte interne ont commenc\u00e9 \u00e0 pratiquer leur nouveau m\u00e9tier au sein des diff\u00e9rentes \u00e9quipes cliniques de l\u2019\u00e9tablissement.<\/p>\n<p><!--more--><\/p>\n<p>Devant cette belle r\u00e9alisation, le CISSS de la Mont\u00e9r\u00e9gie-Centre et la Commission scolaire des Hautes-Rivi\u00e8res (CSDHR), partenaires dans\u00a0ce projet, ont d\u00e9cid\u00e9 de renouveler leur entente afin de lancer quatre nouvelles cohortes pour l\u2019ann\u00e9e 2017-2018.<\/p>\n<p><strong>Deux cohortes lanc\u00e9es cet automne<br \/>\n<\/strong>Au d\u00e9but du mois d\u2019octobre, une cohorte form\u00e9e de 15 employ\u00e9s du RLS du Haut-Richelieu\u2013Rouville et une autre de 11 employ\u00e9s du RLS de Champlain ont commenc\u00e9 leur formation pour devenir pr\u00e9pos\u00e9 aux b\u00e9n\u00e9ficiaires.<\/p>\n<p>Alors que les membres du groupe du RLS du Haut-Richelieu\u2013Rouville suivent leurs cours dans les locaux de la CSDHR \u00e0 Saint-Jean-sur-Richelieu, ceux de la cohorte du RLS de Champlain assistent \u00e0 leurs cours au sein m\u00eame d\u2019une installation du CISSSMC, soit le Centre Henriette-C\u00e9r\u00e9.<\/p>\n<p>\u00c0 la suite de la r\u00e9ussite de leur formation, les employ\u00e9s obtiendront un dipl\u00f4me d\u2019\u00e9tudes professionnelles (DEP) \u00ab Assistance \u00e0 la personne en \u00e9tablissement de sant\u00e9 \u00bb reconnu par le minist\u00e8re de l\u2019\u00c9ducation, du Loisir et du Sport (MELS) et n\u00e9cessaire pour l\u2019obtention d\u2019un emploi de pr\u00e9pos\u00e9 aux b\u00e9n\u00e9ficiaires au sein de notre organisation.<\/p>\n<p>Au d\u00e9but de l\u2019ann\u00e9e 2018, les deux autres cohortes programm\u00e9es pour l\u2019ann\u00e9e 2017-2018 commenceront leur formation. Tous les d\u00e9tails concernant ces cohortes vous seront bient\u00f4t communiqu\u00e9s sur le i-Centre.<\/p>\n","protected":false},"excerpt":{"rendered":"<p>L\u2019\u00e9t\u00e9 dernier, 15 employ\u00e9s de notre organisation terminaient avec succ\u00e8s une formation offerte par le CISSS de la Mont\u00e9r\u00e9gie-Centre afin de devenir pr\u00e9pos\u00e9 aux b\u00e9n\u00e9ficiaires. D\u00e8s l\u2019obtention de leur dipl\u00f4me, les membres de cette premi\u00e8re cohorte interne ont commenc\u00e9 \u00e0 &hellip; <a href=\"https:\/\/santemc.quebec\/icentre\/26-employes-retournent-sur-les-bancs-decole-pour-devenir-preposes-aux-beneficiaires\/\">Continuer la lecture <span class=\"meta-nav\">&rarr;<\/span><\/a><\/p>\n","protected":false},"author":9,"featured_media":0,"comment_status":"open","ping_status":"closed","sticky":false,"template":"","format":"standard","meta":{"footnotes":""},"categories":[1],"tags":[],"_links":{"self":[{"href":"https:\/\/santemc.quebec\/icentre\/wp-json\/wp\/v2\/posts\/5827"}],"collection":[{"href":"https:\/\/santemc.quebec\/icentre\/wp-json\/wp\/v2\/posts"}],"about":[{"href":"https:\/\/santemc.quebec\/icentre\/wp-json\/wp\/v2\/types\/post"}],"author":[{"embeddable":true,"href":"https:\/\/santemc.quebec\/icentre\/wp-json\/wp\/v2\/users\/9"}],"replies":[{"embeddable":true,"href":"https:\/\/santemc.quebec\/icentre\/wp-json\/wp\/v2\/comments?post=5827"}],"version-history":[{"count":4,"href":"https:\/\/santemc.quebec\/icentre\/wp-json\/wp\/v2\/posts\/5827\/revisions"}],"predecessor-version":[{"id":5889,"href":"https:\/\/santemc.quebec\/icentre\/wp-json\/wp\/v2\/posts\/5827\/revisions\/5889"}],"wp:attachment":[{"href":"https:\/\/santemc.quebec\/icentre\/wp-json\/wp\/v2\/media?parent=5827"}],"wp:term":[{"taxonomy":"category","embeddable":true,"href":"https:\/\/santemc.quebec\/icentre\/wp-json\/wp\/v2\/categories?post=5827"},{"taxonomy":"post_tag","embeddable":true,"href":"https:\/\/santemc.quebec\/icentre\/wp-json\/wp\/v2\/tags?post=5827"}],"curies":[{"name":"wp","href":"https:\/\/api.w.org\/{rel}","templated":true}]}}