{"id":5830,"date":"2017-11-17T09:31:45","date_gmt":"2017-11-17T14:31:45","guid":{"rendered":"http:\/\/santemc.quebec\/icentre\/?p=5830"},"modified":"2017-11-17T09:49:05","modified_gmt":"2017-11-17T14:49:05","slug":"prix-reconnaissance-de-lassociation-des-conseils-multidisciplinaires-du-quebec","status":"publish","type":"post","link":"https:\/\/santemc.quebec\/icentre\/prix-reconnaissance-de-lassociation-des-conseils-multidisciplinaires-du-quebec\/","title":{"rendered":"Prix reconnaissance de l&rsquo;Association des conseils multidisciplinaires du Qu\u00e9bec"},"content":{"rendered":"<p>L\u2019Association des conseils multidisciplinaires du Qu\u00e9bec (ACMQ) remet chaque ann\u00e9e les Prix Reconnaissance de l\u2019ACMQ. Ces prix visent \u00e0 souligner l\u2019excellence du travail r\u00e9alis\u00e9 par les professionnels membres de l\u2019ACMQ.<\/p>\n<p><!--more--><\/p>\n<p>Trois cat\u00e9gories de prix ont \u00e9t\u00e9 \u00e9tablies :<\/p>\n<ul>\n<li>Innovation;<\/li>\n<li>Comit\u00e9 de pairs;<\/li>\n<li>Rayonnement.<\/li>\n<\/ul>\n<p>Nous sommes heureux de vous annoncer que deux Prix Reconnaissance ont \u00e9t\u00e9 remport\u00e9s par des membres du conseil multidisciplinaire du CISSS de la Mont\u00e9r\u00e9gie-Centre lors du congr\u00e8s de l\u2019ACMQ qui s\u2019est tenu les 6 et 7 novembre.<\/p>\n<p>Dans la cat\u00e9gorie \u00ab Comit\u00e9 de pairs \u00bb, l\u2019\u00e9quipe d\u2019ergoth\u00e9rapeutes en p\u00e9diatrie sant\u00e9 physique du Service de r\u00e9adaptation et de nutrition clinique du RLS Haut-Richelieu\u2013Rouville, compos\u00e9e de Mmes Karine James, Isabelle Desranleau et V\u00e9ronique Forgues, a remport\u00e9 le 3<sup>e<\/sup> prix.<\/p>\n<p>Dans le cadre d\u2019un projet visant l\u2019am\u00e9lioration de l\u2019accessibilit\u00e9 \u00e0 nos services et la r\u00e9duction des listes d\u2019attente, nos ergoth\u00e9rapeutes en p\u00e9diatrie ont innov\u00e9 en \u00e9laborant une nouvelle approche pour des services visant le d\u00e9veloppement des habilet\u00e9s pr\u00e9scolaires chez les enfants de 4-5 ans. Leur expertise clinique, jumel\u00e9e\u00a0\u00e0 l\u2019analyse des motifs pour lesquels certains enfants nous \u00e9taient r\u00e9f\u00e9r\u00e9s, ont permis la mise sur pied de s\u00e9ances de groupes visant \u00e0 pr\u00e9parer les enfants \u00e0 leur entr\u00e9e \u00e0 la maternelle.<\/p>\n<p>Chantal Plamondon, organisatrice communautaire, a remport\u00e9 quant \u00e0 elle le 3<sup>e<\/sup> prix dans la cat\u00e9gorie \u00ab Rayonnement \u00bb.<\/p>\n<p>Gr\u00e2ce \u00e0 son parcours professionnel et \u00e0 son engagement dans l\u2019organisation du Colloque intervenants jeunesse, elle contribue \u00e0 instaurer une culture de collaboration.<\/p>\n<p>Le Colloque intervenants jeunesse permet une meilleure intervention multidisciplinaire entre les divers organismes de l\u2019agglom\u00e9ration de Longueuil et, au fil du temps, il est devenu un rendez-vous incontournable pour les intervenants jeunesse.<\/p>\n<p>Toutes nos f\u00e9licitations \u00e0 ces personnes qui contribuent au rayonnement de leur profession et, par le fait m\u00eame, \u00e0 celui du conseil multidisciplinaire du CISSS de la Mont\u00e9r\u00e9gie-Centre.<\/p>\n<div id=\"attachment_5834\" style=\"width: 235px\" class=\"wp-caption alignleft\"><a href=\"http:\/\/santemc.quebec\/santemc\/icentre\/wp-content\/uploads\/2017\/11\/IMG_0724_acmq2.jpg\"><img aria-describedby=\"caption-attachment-5834\" decoding=\"async\" loading=\"lazy\" class=\"size-medium wp-image-5834\" src=\"http:\/\/santemc.quebec\/santemc\/icentre\/wp-content\/uploads\/2017\/11\/IMG_0724_acmq2-225x300.jpg\" alt=\"\" width=\"225\" height=\"300\" srcset=\"https:\/\/santemc.quebec\/santemc\/icentre\/wp-content\/uploads\/2017\/11\/IMG_0724_acmq2-225x300.jpg 225w, https:\/\/santemc.quebec\/santemc\/icentre\/wp-content\/uploads\/2017\/11\/IMG_0724_acmq2-768x1024.jpg 768w, https:\/\/santemc.quebec\/santemc\/icentre\/wp-content\/uploads\/2017\/11\/IMG_0724_acmq2.jpg 1536w\" sizes=\"(max-width: 225px) 100vw, 225px\" \/><\/a><p id=\"caption-attachment-5834\" class=\"wp-caption-text\">Karine James, ergoth\u00e9rapeute en p\u00e9diatrie sant\u00e9 physique<\/p><\/div>\n<div id=\"attachment_5832\" style=\"width: 291px\" class=\"wp-caption alignright\"><a href=\"http:\/\/santemc.quebec\/santemc\/icentre\/wp-content\/uploads\/2017\/11\/IMG_8309_photo-Chantal_Plamondon_ACMQ.jpg\"><img aria-describedby=\"caption-attachment-5832\" decoding=\"async\" loading=\"lazy\" class=\"size-medium wp-image-5832\" src=\"http:\/\/santemc.quebec\/santemc\/icentre\/wp-content\/uploads\/2017\/11\/IMG_8309_photo-Chantal_Plamondon_ACMQ-281x300.jpg\" alt=\"\" width=\"281\" height=\"300\" srcset=\"https:\/\/santemc.quebec\/santemc\/icentre\/wp-content\/uploads\/2017\/11\/IMG_8309_photo-Chantal_Plamondon_ACMQ-281x300.jpg 281w, https:\/\/santemc.quebec\/santemc\/icentre\/wp-content\/uploads\/2017\/11\/IMG_8309_photo-Chantal_Plamondon_ACMQ-768x819.jpg 768w, https:\/\/santemc.quebec\/santemc\/icentre\/wp-content\/uploads\/2017\/11\/IMG_8309_photo-Chantal_Plamondon_ACMQ-960x1024.jpg 960w\" sizes=\"(max-width: 281px) 100vw, 281px\" \/><\/a><p id=\"caption-attachment-5832\" class=\"wp-caption-text\">Le ministre de la Sant\u00e9 et des Services sociaux, Ga\u00e9tan Barrette, Chantal Plamondon et Carole Ducharme, responsable du comit\u00e9 reconnaissance et administratrice au conseil d\u2019administration de l&rsquo;ACMQ<\/p><\/div>\n","protected":false},"excerpt":{"rendered":"<p>L\u2019Association des conseils multidisciplinaires du Qu\u00e9bec (ACMQ) remet chaque ann\u00e9e les Prix Reconnaissance de l\u2019ACMQ. Ces prix visent \u00e0 souligner l\u2019excellence du travail r\u00e9alis\u00e9 par les professionnels membres de l\u2019ACMQ.<\/p>\n","protected":false},"author":9,"featured_media":0,"comment_status":"open","ping_status":"closed","sticky":false,"template":"","format":"standard","meta":{"footnotes":""},"categories":[1],"tags":[],"_links":{"self":[{"href":"https:\/\/santemc.quebec\/icentre\/wp-json\/wp\/v2\/posts\/5830"}],"collection":[{"href":"https:\/\/santemc.quebec\/icentre\/wp-json\/wp\/v2\/posts"}],"about":[{"href":"https:\/\/santemc.quebec\/icentre\/wp-json\/wp\/v2\/types\/post"}],"author":[{"embeddable":true,"href":"https:\/\/santemc.quebec\/icentre\/wp-json\/wp\/v2\/users\/9"}],"replies":[{"embeddable":true,"href":"https:\/\/santemc.quebec\/icentre\/wp-json\/wp\/v2\/comments?post=5830"}],"version-history":[{"count":2,"href":"https:\/\/santemc.quebec\/icentre\/wp-json\/wp\/v2\/posts\/5830\/revisions"}],"predecessor-version":[{"id":5835,"href":"https:\/\/santemc.quebec\/icentre\/wp-json\/wp\/v2\/posts\/5830\/revisions\/5835"}],"wp:attachment":[{"href":"https:\/\/santemc.quebec\/icentre\/wp-json\/wp\/v2\/media?parent=5830"}],"wp:term":[{"taxonomy":"category","embeddable":true,"href":"https:\/\/santemc.quebec\/icentre\/wp-json\/wp\/v2\/categories?post=5830"},{"taxonomy":"post_tag","embeddable":true,"href":"https:\/\/santemc.quebec\/icentre\/wp-json\/wp\/v2\/tags?post=5830"}],"curies":[{"name":"wp","href":"https:\/\/api.w.org\/{rel}","templated":true}]}}