{"id":589,"date":"2015-07-31T14:13:40","date_gmt":"2015-07-31T18:13:40","guid":{"rendered":"http:\/\/santemc.quebec\/icentre\/?p=589"},"modified":"2015-07-31T14:14:14","modified_gmt":"2015-07-31T18:14:14","slug":"operation-de-vaccination-des-animaux-sauvages-en-estrie-en-monteregie-et-dans-les-parcs-de-la-region-de-montreal","status":"publish","type":"post","link":"https:\/\/santemc.quebec\/icentre\/operation-de-vaccination-des-animaux-sauvages-en-estrie-en-monteregie-et-dans-les-parcs-de-la-region-de-montreal\/","title":{"rendered":"Op\u00e9ration de vaccination des animaux sauvages en Estrie, en Mont\u00e9r\u00e9gie et dans les parcs de la r\u00e9gion de Montr\u00e9al"},"content":{"rendered":"<p><strong>Qu\u00e9bec, le 17 ao\u00fbt 2015<\/strong> \u2013Le gouvernement du Qu\u00e9bec proc\u00e9dera, \u00e0 compter du 17\u00a0ao\u00fbt, \u00e0 l\u2019\u00e9pandage d\u2019app\u00e2ts vaccinaux sur les territoires de la Mont\u00e9r\u00e9gie, de l\u2019Estrie et de la r\u00e9gion m\u00e9tropolitaine, dans le but de maintenir et de renforcer l\u2019immunisation des ratons laveurs, des mouffettes et des renards contre la rage du raton laveur. Selon le territoire vis\u00e9, l\u2019\u00e9pandage sera fait par avion ou \u00e0 la main. <!--more--><\/p>\n<p>Ainsi, du 17 au 23 ao\u00fbt 2015 inclusivement, des avions voleront \u00e0 basse altitude principalement au-dessus des bois\u00e9s, sur un territoire d\u2019environ 3\u00a0500\u00a0km2, pour larguer quelque 380\u00a0000\u00a0app\u00e2ts vaccinaux. En tout, 20\u00a0municipalit\u00e9s de l\u2019Estrie et 43\u00a0municipalit\u00e9s de la Mont\u00e9r\u00e9gie seront couvertes.<\/p>\n<p>Du 17 ao\u00fbt au 12 septembre inclusivement, l\u2019\u00e9pandage manuel se fera tout particuli\u00e8rement dans les r\u00e9gions \u00e0 vocation agricole ou pr\u00e8s des r\u00e9sidences afin de mieux cibler les endroits o\u00f9 peuvent se cacher les ratons laveurs, les mouffettes et les renards. Des \u00e9quipes du minist\u00e8re des For\u00eats, de la Faune et des Parcs parcourront un territoire de pr\u00e8s de 4\u00a0000\u00a0km\u00b2 touchant 10\u00a0municipalit\u00e9s de l\u2019Estrie, 78\u00a0municipalit\u00e9s de la Mont\u00e9r\u00e9gie ainsi que 9\u00a0parcs de la r\u00e9gion m\u00e9tropolitaine. Elles \u00e9pandront quelque 246\u00a0000\u00a0app\u00e2ts vaccinaux dans les habitats naturels des ratons laveurs, des mouffettes et des renards. Ces lieux incluent notamment les bois\u00e9s, les abords des cours d\u2019eau et, \u00e0 l\u2019occasion, les abords des poubelles.<\/p>\n<p>Les app\u00e2ts vaccinaux ont l\u2019apparence de gros raviolis vert olive. Ils mesurent environ 40\u00a0mm sur 22\u00a0mm sur 10\u00a0mm. En raison de leur couleur, ils se fondent dans l\u2019environnement et sont plut\u00f4t difficiles \u00e0 rep\u00e9rer une fois au sol. Ils sont aussi tr\u00e8s solides, ayant \u00e9t\u00e9 con\u00e7us pour r\u00e9sister \u00e0 l\u2019impact d\u2019un largage a\u00e9rien. Normalement, il faut qu\u2019ils soient perfor\u00e9s pour r\u00e9pandre le liquide vaccinal qu\u2019ils contiennent, ce que les animaux sauvages font en les croquant.<\/p>\n<p><strong>\u00a0\u00c9tat de la situation<\/strong><\/p>\n<p>Depuis le printemps, le minist\u00e8re des For\u00eats, de la Faune et des Parcs a intensifi\u00e9 ses activit\u00e9s de surveillance et de contr\u00f4le \u00e0 la suite de la d\u00e9couverte de ratons laveurs infect\u00e9s par la rage \u00e0 quelques kilom\u00e8tres de la fronti\u00e8re am\u00e9ricaine, dans le comt\u00e9 de Franklin dans l\u2019\u00c9tat de New York. De mars \u00e0 juin 2015, 13\u00a0animaux atteints de rage ont \u00e9t\u00e9 d\u00e9tect\u00e9s dans ce secteur. Le 4\u00a0juin dernier, un cas de rage chez un raton laveur a \u00e9t\u00e9 confirm\u00e9 dans la portion qu\u00e9b\u00e9coise de la r\u00e9serve autochtone d\u2019Akwesasne. Ce territoire n\u2019avait jamais fait l\u2019objet de campagnes de vaccination contre la rage chez les animaux sauvages. En r\u00e9action \u00e0 ce cas, un \u00e9pandage manuel de vaccins a \u00e9t\u00e9 r\u00e9alis\u00e9 \u00e0 la mi-juin en collaboration avec les autorit\u00e9s autochtones et ontariennes.<\/p>\n<p>Ce cas de rage ne menace pas davantage le territoire du Qu\u00e9bec, car l\u2019environnement mar\u00e9cageux s\u00e9parant Akwesasne de la Mont\u00e9r\u00e9gie n\u2019est pas propice au d\u00e9placement des ratons et des mouffettes.<\/p>\n<p>Bien qu\u2019il n\u2019y ait pas eu de cas de rage du raton laveur r\u00e9pertori\u00e9 ailleurs au Qu\u00e9bec depuis 2009, le risque de r\u00e9introduction est r\u00e9el et cette maladie demeure mortelle pour l\u2019humain. Ainsi, les op\u00e9rations de surveillance et de vaccination se poursuivent afin d\u2019\u00e9viter une nouvelle introduction de la maladie sur le territoire qu\u00e9b\u00e9cois. Dans ce contexte, la collaboration des citoyens est tr\u00e8s pr\u00e9cieuse. C\u2019est pourquoi le Minist\u00e8re d\u00e9sire, encore cette ann\u00e9e, que la population soit ses yeux sur le terrain.<\/p>\n<p><strong>\u00a0Consignes \u00e0 l\u2019intention des citoyens<\/strong><\/p>\n<p>Pour assurer le succ\u00e8s de ces op\u00e9rations, les citoyens des r\u00e9gions vis\u00e9es doivent suivre les consignes suivantes\u00a0:<\/p>\n<ul>\n<li>\u00c9viter de manipuler les app\u00e2ts vaccinaux, et ce, m\u00eame s\u2019ils sont jug\u00e9s s\u00e9curitaires pour les personnes, les animaux et l\u2019environnement;<\/li>\n<li>En cas de contact avec un app\u00e2t perfor\u00e9 ou bris\u00e9, composer le num\u00e9ro qui appara\u00eet au dos des app\u00e2ts ou joindre le service Info-Sant\u00e9 au 811;<\/li>\n<li>Ne pas capturer les animaux sauvages (ratons laveurs, mouffettes, renards ainsi que tout autre mammif\u00e8re) pour les relocaliser afin d\u2019\u00e9viter de propager la maladie dans d\u2019autres r\u00e9gions;<\/li>\n<li>Signaler les ratons laveurs, mouffettes ou renards morts, d\u00e9sorient\u00e9s, paralys\u00e9s ou anormalement agressifs en composant le 1\u00a0877\u00a0346-6763 ou en remplissant le formulaire en ligne sur le site <a href=\"http:\/\/www.rageduratonlaveur.gouv.qc.ca\" target=\"_blank\">rageduratonlaveur.gouv.qc.ca<\/a>.<\/li>\n<\/ul>\n<p>En tout temps, il est aussi conseill\u00e9 aux citoyens de\u00a0:<\/p>\n<ul>\n<li>Ne jamais approcher les animaux inconnus, qu\u2019ils soient domestiques ou sauvages;<\/li>\n<li>Faire vacciner contre la rage leurs animaux qui vont \u00e0 l\u2019ext\u00e9rieur, notamment les chats et les chiens;<\/li>\n<li>Ranger les poubelles ext\u00e9rieures hors de la port\u00e9e des animaux;<\/li>\n<li>Nettoyer la plaie, en cas de morsure, de griffure ou d\u2019autre type de contact avec la salive d\u2019un animal, m\u00eame si elle est en apparence mineure, avec de l\u2019eau et du savon pendant 10\u00a0minutes et communiquer le plus rapidement possible avec Info-Sant\u00e9 au 811 afin d\u2019obtenir un suivi m\u00e9dical ad\u00e9quat en cas de besoin;<\/li>\n<li>Consulter un v\u00e9t\u00e9rinaire en cas de morsure ou de contact entre son animal de compagnie et un animal sauvage.<\/li>\n<\/ul>\n<p><strong>\u00a0\u00c0 propos du plan de lutte contre la rage du raton laveur<\/strong><\/p>\n<p>Les op\u00e9rations de contr\u00f4le et de surveillance de la rage du raton laveur sont g\u00e9r\u00e9es par un comit\u00e9 interminist\u00e9riel regroupant des repr\u00e9sentants du minist\u00e8re des For\u00eats, de la Faune et des Parcs, du minist\u00e8re de la Sant\u00e9 et des Services sociaux, des directions de sant\u00e9 publique de l\u2019Estrie, de la Mont\u00e9r\u00e9gie, de Montr\u00e9al, de Laval et de la Chaudi\u00e8re\u2011Appalaches, du minist\u00e8re de l\u2019Agriculture, des P\u00eacheries et de l\u2019Alimentation, de Services Qu\u00e9bec, du minist\u00e8re de la S\u00e9curit\u00e9 publique et de la Facult\u00e9 de m\u00e9decine v\u00e9t\u00e9rinaire de l\u2019Universit\u00e9 de Montr\u00e9al.<\/p>\n<p>Pour obtenir plus de d\u00e9tails sur cette op\u00e9ration ou pour t\u00e9l\u00e9charger la carte illustrant les op\u00e9rations de contr\u00f4le et de surveillance 2015 ainsi que la liste des municipalit\u00e9s vis\u00e9es par cette op\u00e9ration de vaccination, consultez le site Web <a href=\"http:\/\/www.rageduratonlaveur.gouv.qc.ca\" target=\"_blank\">www.rageduratonlaveur.gouv.qc.ca<\/a>. Pour obtenir plus d\u2019information au sujet de la rage, consultez le site <a href=\"http:\/\/www.rage.gouv.qc.ca\" target=\"_blank\">www.rage.gouv.qc.ca<\/a>.<\/p>\n","protected":false},"excerpt":{"rendered":"<p>Qu\u00e9bec, le 17 ao\u00fbt 2015 \u2013Le gouvernement du Qu\u00e9bec proc\u00e9dera, \u00e0 compter du 17\u00a0ao\u00fbt, \u00e0 l\u2019\u00e9pandage d\u2019app\u00e2ts vaccinaux sur les territoires de la Mont\u00e9r\u00e9gie, de l\u2019Estrie et de la r\u00e9gion m\u00e9tropolitaine, dans le but de maintenir et de renforcer l\u2019immunisation &hellip; <a href=\"https:\/\/santemc.quebec\/icentre\/operation-de-vaccination-des-animaux-sauvages-en-estrie-en-monteregie-et-dans-les-parcs-de-la-region-de-montreal\/\">Continuer la lecture <span class=\"meta-nav\">&rarr;<\/span><\/a><\/p>\n","protected":false},"author":1,"featured_media":0,"comment_status":"open","ping_status":"closed","sticky":false,"template":"","format":"standard","meta":{"footnotes":""},"categories":[14],"tags":[25,12,24],"_links":{"self":[{"href":"https:\/\/santemc.quebec\/icentre\/wp-json\/wp\/v2\/posts\/589"}],"collection":[{"href":"https:\/\/santemc.quebec\/icentre\/wp-json\/wp\/v2\/posts"}],"about":[{"href":"https:\/\/santemc.quebec\/icentre\/wp-json\/wp\/v2\/types\/post"}],"author":[{"embeddable":true,"href":"https:\/\/santemc.quebec\/icentre\/wp-json\/wp\/v2\/users\/1"}],"replies":[{"embeddable":true,"href":"https:\/\/santemc.quebec\/icentre\/wp-json\/wp\/v2\/comments?post=589"}],"version-history":[{"count":2,"href":"https:\/\/santemc.quebec\/icentre\/wp-json\/wp\/v2\/posts\/589\/revisions"}],"predecessor-version":[{"id":591,"href":"https:\/\/santemc.quebec\/icentre\/wp-json\/wp\/v2\/posts\/589\/revisions\/591"}],"wp:attachment":[{"href":"https:\/\/santemc.quebec\/icentre\/wp-json\/wp\/v2\/media?parent=589"}],"wp:term":[{"taxonomy":"category","embeddable":true,"href":"https:\/\/santemc.quebec\/icentre\/wp-json\/wp\/v2\/categories?post=589"},{"taxonomy":"post_tag","embeddable":true,"href":"https:\/\/santemc.quebec\/icentre\/wp-json\/wp\/v2\/tags?post=589"}],"curies":[{"name":"wp","href":"https:\/\/api.w.org\/{rel}","templated":true}]}}