{"id":5973,"date":"2017-12-13T09:52:54","date_gmt":"2017-12-13T14:52:54","guid":{"rendered":"http:\/\/santemc.quebec\/icentre\/?p=5973"},"modified":"2017-12-13T09:52:54","modified_gmt":"2017-12-13T14:52:54","slug":"fondation-hopital-charles-lemoyne-un-important-don-pour-les-patients-en-cancerologie","status":"publish","type":"post","link":"https:\/\/santemc.quebec\/icentre\/fondation-hopital-charles-lemoyne-un-important-don-pour-les-patients-en-cancerologie\/","title":{"rendered":"Fondation H\u00f4pital Charles-LeMoyne : un important don pour les patients en canc\u00e9rologie!"},"content":{"rendered":"<p>La Fondation H\u00f4pital Charles-LeMoyne est heureuse de souligner l\u2019apport important de monsieur Pierre Lajeunesse au Centre int\u00e9gr\u00e9 de canc\u00e9rologie de la Mont\u00e9r\u00e9gie (CICM). Gr\u00e2ce \u00e0 un don de monsieur Lajeunesse, 16 tablettes \u00e9lectroniques ont \u00e9t\u00e9 achet\u00e9es pour les patients en traitement de chimioth\u00e9rapie.<\/p>\n<p><!--more--><\/p>\n<p>Ce don, d\u2019une valeur de plus de 10\u00a0000 $, comprend l\u2019achat des tablettes \u00e9lectroniques, mais \u00e9galement un chariot pour les distribuer ainsi que tous les accessoires n\u00e9cessaires.<\/p>\n<p>Monsieur Lajeunesse collabore avec la Fondation depuis pr\u00e8s de 10 ans pour am\u00e9liorer la qualit\u00e9 de vie des patients de l\u2019H\u00f4pital. Son d\u00e9vouement touche profond\u00e9ment les patients et tout le personnel.<\/p>\n<p>Rappelons que chaque ann\u00e9e, plus de 10\u00a0400 traitements de chimioth\u00e9rapie sont prodigu\u00e9s au CICM. La g\u00e9n\u00e9rosit\u00e9 de monsieur Lajeunesse permet ainsi aux patients d\u2019avoir un moment de d\u00e9tente et de divertissement lors de leur traitement.<\/p>\n<div id=\"attachment_5974\" style=\"width: 310px\" class=\"wp-caption aligncenter\"><a href=\"http:\/\/santemc.quebec\/santemc\/icentre\/wp-content\/uploads\/2017\/12\/FHCLM_donateur.jpg\"><img aria-describedby=\"caption-attachment-5974\" decoding=\"async\" loading=\"lazy\" class=\"size-medium wp-image-5974\" src=\"http:\/\/santemc.quebec\/santemc\/icentre\/wp-content\/uploads\/2017\/12\/FHCLM_donateur-300x225.jpg\" alt=\"\" width=\"300\" height=\"225\" srcset=\"https:\/\/santemc.quebec\/santemc\/icentre\/wp-content\/uploads\/2017\/12\/FHCLM_donateur-300x225.jpg 300w, https:\/\/santemc.quebec\/santemc\/icentre\/wp-content\/uploads\/2017\/12\/FHCLM_donateur-768x576.jpg 768w, https:\/\/santemc.quebec\/santemc\/icentre\/wp-content\/uploads\/2017\/12\/FHCLM_donateur-1024x768.jpg 1024w, https:\/\/santemc.quebec\/santemc\/icentre\/wp-content\/uploads\/2017\/12\/FHCLM_donateur-400x300.jpg 400w\" sizes=\"(max-width: 300px) 100vw, 300px\" \/><\/a><p id=\"caption-attachment-5974\" class=\"wp-caption-text\">Johanne Jacques, assistante infirmi\u00e8re-chef de la clinique d&rsquo;h\u00e9mato-oncologie; Lyne Marquis, directrice des services multidisciplinaires et de canc\u00e9rologie; Nathalie Boudreau, directrice g\u00e9n\u00e9rale de la Fondation; Michel Berzosa, patient; Pierre Lajeunesse, donateur; Lucie Dugr\u00e9, coordonnatrice du CICM et cogestionnaire du R\u00e9seau de canc\u00e9rologie de la Mont\u00e9r\u00e9gie; Dre Susan Fox, h\u00e9mato-oncologue et cogestionnaire m\u00e9dicale du CICM et du R\u00e9seau de canc\u00e9rologie de la Mont\u00e9r\u00e9gie<\/p><\/div>\n","protected":false},"excerpt":{"rendered":"<p>La Fondation H\u00f4pital Charles-LeMoyne est heureuse de souligner l\u2019apport important de monsieur Pierre Lajeunesse au Centre int\u00e9gr\u00e9 de canc\u00e9rologie de la Mont\u00e9r\u00e9gie (CICM). Gr\u00e2ce \u00e0 un don de monsieur Lajeunesse, 16 tablettes \u00e9lectroniques ont \u00e9t\u00e9 achet\u00e9es pour les patients en &hellip; <a href=\"https:\/\/santemc.quebec\/icentre\/fondation-hopital-charles-lemoyne-un-important-don-pour-les-patients-en-cancerologie\/\">Continuer la lecture <span class=\"meta-nav\">&rarr;<\/span><\/a><\/p>\n","protected":false},"author":9,"featured_media":0,"comment_status":"open","ping_status":"closed","sticky":false,"template":"","format":"standard","meta":{"footnotes":""},"categories":[1],"tags":[],"_links":{"self":[{"href":"https:\/\/santemc.quebec\/icentre\/wp-json\/wp\/v2\/posts\/5973"}],"collection":[{"href":"https:\/\/santemc.quebec\/icentre\/wp-json\/wp\/v2\/posts"}],"about":[{"href":"https:\/\/santemc.quebec\/icentre\/wp-json\/wp\/v2\/types\/post"}],"author":[{"embeddable":true,"href":"https:\/\/santemc.quebec\/icentre\/wp-json\/wp\/v2\/users\/9"}],"replies":[{"embeddable":true,"href":"https:\/\/santemc.quebec\/icentre\/wp-json\/wp\/v2\/comments?post=5973"}],"version-history":[{"count":1,"href":"https:\/\/santemc.quebec\/icentre\/wp-json\/wp\/v2\/posts\/5973\/revisions"}],"predecessor-version":[{"id":5975,"href":"https:\/\/santemc.quebec\/icentre\/wp-json\/wp\/v2\/posts\/5973\/revisions\/5975"}],"wp:attachment":[{"href":"https:\/\/santemc.quebec\/icentre\/wp-json\/wp\/v2\/media?parent=5973"}],"wp:term":[{"taxonomy":"category","embeddable":true,"href":"https:\/\/santemc.quebec\/icentre\/wp-json\/wp\/v2\/categories?post=5973"},{"taxonomy":"post_tag","embeddable":true,"href":"https:\/\/santemc.quebec\/icentre\/wp-json\/wp\/v2\/tags?post=5973"}],"curies":[{"name":"wp","href":"https:\/\/api.w.org\/{rel}","templated":true}]}}