{"id":598,"date":"2015-08-13T14:22:42","date_gmt":"2015-08-13T18:22:42","guid":{"rendered":"http:\/\/santemc.quebec\/icentre\/?p=598"},"modified":"2015-08-13T14:22:42","modified_gmt":"2015-08-13T18:22:42","slug":"deux-chercheurs-du-centre-de-recherche-hopital-charles-le-moyne-participent-a-un-colloque-international-2","status":"publish","type":"post","link":"https:\/\/santemc.quebec\/icentre\/deux-chercheurs-du-centre-de-recherche-hopital-charles-le-moyne-participent-a-un-colloque-international-2\/","title":{"rendered":"Deux chercheurs du Centre de recherche \u2013 H\u00f4pital Charles-Le Moyne participent \u00e0 un colloque international"},"content":{"rendered":"<p><a href=\"http:\/\/www.regardsrecherche.ca\/activites.html\"><img decoding=\"async\" loading=\"lazy\" class=\"alignleft wp-image-599 size-medium\" src=\"http:\/\/santemc.quebec\/santemc\/icentre\/wp-content\/uploads\/2015\/08\/Image_ColloqueRegards_6nov2015-300x126.jpg\" alt=\"Image_ColloqueRegards_6nov2015\" width=\"300\" height=\"126\" srcset=\"https:\/\/santemc.quebec\/santemc\/icentre\/wp-content\/uploads\/2015\/08\/Image_ColloqueRegards_6nov2015-300x126.jpg 300w, https:\/\/santemc.quebec\/santemc\/icentre\/wp-content\/uploads\/2015\/08\/Image_ColloqueRegards_6nov2015-500x209.jpg 500w, https:\/\/santemc.quebec\/santemc\/icentre\/wp-content\/uploads\/2015\/08\/Image_ColloqueRegards_6nov2015.jpg 882w\" sizes=\"(max-width: 300px) 100vw, 300px\" \/><\/a>Le 6 novembre prochain,\u00a0Nassera Touati, chercheure, et\u00a0Jean-Louis Denis, directeur du Centre de recherche \u2013 H\u00f4pital Charles-Le Moyne participeront au colloque\u00a0<em>La collaboration interorganisationnelle dans le domaine de la sant\u00e9 et des services sociaux<\/em>\u00a0organis\u00e9 par l\u2019\u00e9quipe de recherche\u00a0REGARDS (Recherche sur la gouvernance et l\u2019articulation des r\u00e9seaux de solidarit\u00e9)<!--more--><\/p>\n<p>Dans un contexte o\u00f9 plusieurs syst\u00e8mes de sant\u00e9\u00a0sont en pleine transformation et doivent s\u2019adapter \u00e0 leur environnement, ce colloque international portera sur le travail en r\u00e9seau, la collaboration, la coordination entre professionnels et organisations ainsi qu\u2019entre diff\u00e9rents secteurs (sant\u00e9, \u00e9ducation, municipalit\u00e9s\u2026).<\/p>\n<p>Avec des conf\u00e9renciers du Canada, de France, de Norv\u00e8ge et des \u00c9tats-Unis, l\u2019\u00e9v\u00e9nement\u00a0sera l\u2019occasion de partager les connaissances sur l\u2019\u00e9mergence, le d\u00e9veloppement et le fonctionnement de ces r\u00e9seaux hybrides qui se mettent en place pour am\u00e9liorer le bien-\u00eatre des populations. Il s\u2019agit de rendre compte de la diversit\u00e9 des exp\u00e9riences et des contextes, en mobilisant une vari\u00e9t\u00e9 de visions th\u00e9oriques permettant ainsi de faire avancer les connaissances.<\/p>\n<p>REGARDS est une \u00e9quipe en partenariat vou\u00e9e \u00e0 la recherche et \u00e0 la mobilisation des connaissances portant sur l\u2019articulation des r\u00e9seaux locaux d\u2019action collective et d\u2019intervention dans les domaines de la sant\u00e9 et du social. En plus de Nassera Touati, cette \u00e9quipe regroupe une trentaine de chercheurs et de praticiens chevronn\u00e9s provenant de plusieurs universit\u00e9s et \u00e9tablissements de sant\u00e9 et services sociaux, en plus d\u2019une vingtaine de collaborateurs, dont notamment Mylaine Breton et Dominique Tremblay, chercheures au Centre de recherche.<\/p>\n<p>Le colloque se tiendra le 6 novembre, de 8 h 30 \u00e0 16 h 30, \u00e0 l\u2019\u00c9cole nationale d\u2019administration publique (ENAP) au 4750 avenue Henri-Julien \u00e0 Montr\u00e9al. Les frais d\u2019inscription sont de 50 $ en admission g\u00e9n\u00e9rale et 15 $ pour les \u00e9tudiants.<\/p>\n<p>Pour consulter le site du Centre de recherche\u00a0: <a href=\"http:\/\/www.crhclm.ca\" target=\"_blank\">www.crhclm.ca<\/a><\/p>\n<p>Pour plus de renseignements et pour s\u2019inscrire en ligne : <a href=\"http:\/\/www.regardsrecherche.ca\/activites.html\" target=\"_blank\">http:\/\/www.regardsrecherche.ca\/activites.html<\/a><\/p>\n<p>&nbsp;<\/p>\n","protected":false},"excerpt":{"rendered":"<p>Le 6 novembre prochain,\u00a0Nassera Touati, chercheure, et\u00a0Jean-Louis Denis, directeur du Centre de recherche \u2013 H\u00f4pital Charles-Le Moyne participeront au colloque\u00a0La collaboration interorganisationnelle dans le domaine de la sant\u00e9 et des services sociaux\u00a0organis\u00e9 par l\u2019\u00e9quipe de recherche\u00a0REGARDS (Recherche sur la gouvernance &hellip; <a href=\"https:\/\/santemc.quebec\/icentre\/deux-chercheurs-du-centre-de-recherche-hopital-charles-le-moyne-participent-a-un-colloque-international-2\/\">Continuer la lecture <span class=\"meta-nav\">&rarr;<\/span><\/a><\/p>\n","protected":false},"author":1,"featured_media":0,"comment_status":"open","ping_status":"closed","sticky":false,"template":"","format":"standard","meta":{"footnotes":""},"categories":[2],"tags":[32,29,31,30],"_links":{"self":[{"href":"https:\/\/santemc.quebec\/icentre\/wp-json\/wp\/v2\/posts\/598"}],"collection":[{"href":"https:\/\/santemc.quebec\/icentre\/wp-json\/wp\/v2\/posts"}],"about":[{"href":"https:\/\/santemc.quebec\/icentre\/wp-json\/wp\/v2\/types\/post"}],"author":[{"embeddable":true,"href":"https:\/\/santemc.quebec\/icentre\/wp-json\/wp\/v2\/users\/1"}],"replies":[{"embeddable":true,"href":"https:\/\/santemc.quebec\/icentre\/wp-json\/wp\/v2\/comments?post=598"}],"version-history":[{"count":5,"href":"https:\/\/santemc.quebec\/icentre\/wp-json\/wp\/v2\/posts\/598\/revisions"}],"predecessor-version":[{"id":604,"href":"https:\/\/santemc.quebec\/icentre\/wp-json\/wp\/v2\/posts\/598\/revisions\/604"}],"wp:attachment":[{"href":"https:\/\/santemc.quebec\/icentre\/wp-json\/wp\/v2\/media?parent=598"}],"wp:term":[{"taxonomy":"category","embeddable":true,"href":"https:\/\/santemc.quebec\/icentre\/wp-json\/wp\/v2\/categories?post=598"},{"taxonomy":"post_tag","embeddable":true,"href":"https:\/\/santemc.quebec\/icentre\/wp-json\/wp\/v2\/tags?post=598"}],"curies":[{"name":"wp","href":"https:\/\/api.w.org\/{rel}","templated":true}]}}