{"id":5980,"date":"2018-01-04T11:26:47","date_gmt":"2018-01-04T16:26:47","guid":{"rendered":"http:\/\/santemc.quebec\/icentre\/?p=5980"},"modified":"2018-01-04T11:28:22","modified_gmt":"2018-01-04T16:28:22","slug":"video-nouvelle-aile-de-lhopital-du-haut-richelieu-un-projet-denvergure-realise-grace-au-travail-dequipe-exemplaire","status":"publish","type":"post","link":"https:\/\/santemc.quebec\/icentre\/video-nouvelle-aile-de-lhopital-du-haut-richelieu-un-projet-denvergure-realise-grace-au-travail-dequipe-exemplaire\/","title":{"rendered":"Vid\u00e9o : Agrandissement de l\u2019H\u00f4pital du Haut-Richelieu \u2013 Un projet d\u2019envergure r\u00e9alis\u00e9 gr\u00e2ce au travail d\u2019\u00e9quipe exemplaire"},"content":{"rendered":"<p><a href=\"http:\/\/www.santemonteregie.qc.ca\/userfiles\/media\/haut-richelieu-rouville\/agrandissement\/agrandissement_HRR_Video2.mp4\"><img decoding=\"async\" loading=\"lazy\" class=\"alignleft wp-image-5989 size-medium\" src=\"http:\/\/santemc.quebec\/santemc\/icentre\/wp-content\/uploads\/2017\/12\/Dr_More_test-300x167.jpg\" alt=\"\" width=\"300\" height=\"167\" srcset=\"https:\/\/santemc.quebec\/santemc\/icentre\/wp-content\/uploads\/2017\/12\/Dr_More_test-300x167.jpg 300w, https:\/\/santemc.quebec\/santemc\/icentre\/wp-content\/uploads\/2017\/12\/Dr_More_test-768x427.jpg 768w, https:\/\/santemc.quebec\/santemc\/icentre\/wp-content\/uploads\/2017\/12\/Dr_More_test-1024x570.jpg 1024w, https:\/\/santemc.quebec\/santemc\/icentre\/wp-content\/uploads\/2017\/12\/Dr_More_test-500x278.jpg 500w\" sizes=\"(max-width: 300px) 100vw, 300px\" \/><\/a>La construction de la nouvelle aile de l\u2019H\u00f4pital du Haut-Richelieu a demand\u00e9 la participation active de nombreuses \u00e9quipes de notre organisation, tant au niveau des services cliniques qu\u2019administratifs, et ce, durant plusieurs ann\u00e9es.<!--more--><\/p>\n<p>Dans le but de souligner l\u2019important travail d\u2019\u00e9quipe\u00a0accompli\u00a0\u00e0 chaque \u00e9tape\u00a0de cette grande aventure, de courtes entrevues ont \u00e9t\u00e9 r\u00e9alis\u00e9es avec plusieurs acteurs du projet. Ces derniers t\u00e9moignent de l\u2019ampleur de la t\u00e2che associ\u00e9e \u00e0 un tel projet dans un milieu de soins, mais aussi de la grande fiert\u00e9 ressentie \u00e0 la fin des travaux.<\/p>\n<p>Bon visionnement!<\/p>\n<div style=\"width: 584px;\" class=\"wp-video\"><!--[if lt IE 9]><script>document.createElement('video');<\/script><![endif]-->\n<video class=\"wp-video-shortcode\" id=\"video-5980-1\" width=\"584\" height=\"329\" preload=\"metadata\" controls=\"controls\"><source type=\"video\/mp4\" src=\"http:\/\/www.santemonteregie.qc.ca\/userfiles\/media\/haut-richelieu-rouville\/agrandissement\/agrandissement_HRR_Video2.mp4?_=1\" \/><a href=\"http:\/\/www.santemonteregie.qc.ca\/userfiles\/media\/haut-richelieu-rouville\/agrandissement\/agrandissement_HRR_Video2.mp4\">http:\/\/www.santemonteregie.qc.ca\/userfiles\/media\/haut-richelieu-rouville\/agrandissement\/agrandissement_HRR_Video2.mp4<\/a><\/video><\/div>\n<p><a href=\"https:\/\/youtu.be\/QH-ZUTSQ2_0\" target=\"_blank\" rel=\"noopener\">Voir en haute d\u00e9finition sur Youtube<\/a><\/p>\n","protected":false},"excerpt":{"rendered":"<p>La construction de la nouvelle aile de l\u2019H\u00f4pital du Haut-Richelieu a demand\u00e9 la participation active de nombreuses \u00e9quipes de notre organisation, tant au niveau des services cliniques qu\u2019administratifs, et ce, durant plusieurs ann\u00e9es.<\/p>\n","protected":false},"author":8,"featured_media":0,"comment_status":"open","ping_status":"closed","sticky":false,"template":"","format":"standard","meta":{"footnotes":""},"categories":[1],"tags":[],"_links":{"self":[{"href":"https:\/\/santemc.quebec\/icentre\/wp-json\/wp\/v2\/posts\/5980"}],"collection":[{"href":"https:\/\/santemc.quebec\/icentre\/wp-json\/wp\/v2\/posts"}],"about":[{"href":"https:\/\/santemc.quebec\/icentre\/wp-json\/wp\/v2\/types\/post"}],"author":[{"embeddable":true,"href":"https:\/\/santemc.quebec\/icentre\/wp-json\/wp\/v2\/users\/8"}],"replies":[{"embeddable":true,"href":"https:\/\/santemc.quebec\/icentre\/wp-json\/wp\/v2\/comments?post=5980"}],"version-history":[{"count":11,"href":"https:\/\/santemc.quebec\/icentre\/wp-json\/wp\/v2\/posts\/5980\/revisions"}],"predecessor-version":[{"id":6113,"href":"https:\/\/santemc.quebec\/icentre\/wp-json\/wp\/v2\/posts\/5980\/revisions\/6113"}],"wp:attachment":[{"href":"https:\/\/santemc.quebec\/icentre\/wp-json\/wp\/v2\/media?parent=5980"}],"wp:term":[{"taxonomy":"category","embeddable":true,"href":"https:\/\/santemc.quebec\/icentre\/wp-json\/wp\/v2\/categories?post=5980"},{"taxonomy":"post_tag","embeddable":true,"href":"https:\/\/santemc.quebec\/icentre\/wp-json\/wp\/v2\/tags?post=5980"}],"curies":[{"name":"wp","href":"https:\/\/api.w.org\/{rel}","templated":true}]}}