{"id":5993,"date":"2017-12-15T10:35:26","date_gmt":"2017-12-15T15:35:26","guid":{"rendered":"http:\/\/santemc.quebec\/icentre\/?p=5993"},"modified":"2017-12-15T10:51:01","modified_gmt":"2017-12-15T15:51:01","slug":"de-jeunes-artistes-sillustrent-au-concours-de-dessins","status":"publish","type":"post","link":"https:\/\/santemc.quebec\/icentre\/de-jeunes-artistes-sillustrent-au-concours-de-dessins\/","title":{"rendered":"De jeunes artistes s\u2019illustrent au concours de dessins"},"content":{"rendered":"<p style=\"text-align: left;\"><a href=\"http:\/\/santemc.quebec\/santemc\/icentre\/wp-content\/uploads\/2017\/12\/Cartes-et-cadeaux.jpg\"><img decoding=\"async\" loading=\"lazy\" class=\"size-medium wp-image-6049 alignleft\" src=\"http:\/\/santemc.quebec\/santemc\/icentre\/wp-content\/uploads\/2017\/12\/Cartes-et-cadeaux-300x204.jpg\" alt=\"\" width=\"300\" height=\"204\" srcset=\"https:\/\/santemc.quebec\/santemc\/icentre\/wp-content\/uploads\/2017\/12\/Cartes-et-cadeaux-300x204.jpg 300w, https:\/\/santemc.quebec\/santemc\/icentre\/wp-content\/uploads\/2017\/12\/Cartes-et-cadeaux-768x523.jpg 768w, https:\/\/santemc.quebec\/santemc\/icentre\/wp-content\/uploads\/2017\/12\/Cartes-et-cadeaux-1024x698.jpg 1024w, https:\/\/santemc.quebec\/santemc\/icentre\/wp-content\/uploads\/2017\/12\/Cartes-et-cadeaux-440x300.jpg 440w\" sizes=\"(max-width: 300px) 100vw, 300px\" \/><\/a>Sans plus tarder, voici les gagnantes de cette deuxi\u00e8me \u00e9dition\u00a0du concours de dessins: Ma\u00e9lie Robert-Lacroix, 5 ans; B\u00e9n\u00e9dicte Navet, 8 ans et Marianne Laberge, 10 ans. F\u00e9licitations aux gagnantes, aux finalistes et \u00e0 tous les enfants qui ont particip\u00e9 au concours!<!--more--><\/p>\n<p>Rappelons que les dessins gagnants illustreront les cartes de souhaits de notre organisation.<\/p>\n<p>Le comit\u00e9 de s\u00e9lection, \u00e9merveill\u00e9 par la beaut\u00e9 des chefs-d\u2019\u0153uvre, a d\u00e9termin\u00e9 des finalistes pour chacune des cat\u00e9gories d\u2019\u00e2ge. Devant la qualit\u00e9 des 88 \u0153uvres soumises, le comit\u00e9 n\u2019a pas eu la t\u00e2che facile. Les enfants hospitalis\u00e9s sur les unit\u00e9s de p\u00e9diatrie de nos deux h\u00f4pitaux ont effectu\u00e9 le vote final, les yeux scintillants d\u2019espoir. La cat\u00e9gorie des tout-petits est compos\u00e9e de quatres finalistes, car deux dessins sont arriv\u00e9s ex aequo.<\/p>\n<div style=\"background: grey;\">\n<p>&nbsp;<\/p>\n<p>[huge_it_slider id=\u00a0\u00bb19&Prime;]<\/p>\n<p>&nbsp;<\/p>\n<\/div>\n<p><strong>Photos des gagnantes qui re\u00e7oivent leur prix<\/strong><\/p>\n<div id=\"attachment_6031\" style=\"width: 179px\" class=\"wp-caption alignleft\"><a href=\"http:\/\/santemc.quebec\/santemc\/icentre\/wp-content\/uploads\/2017\/12\/Ma\u00e9lie-Robert-Lacroix_gagnante_4-6_test.jpg\"><img aria-describedby=\"caption-attachment-6031\" decoding=\"async\" loading=\"lazy\" class=\"wp-image-6031 size-medium\" src=\"http:\/\/santemc.quebec\/santemc\/icentre\/wp-content\/uploads\/2017\/12\/Ma\u00e9lie-Robert-Lacroix_gagnante_4-6_test-169x300.jpg\" alt=\"\" width=\"169\" height=\"300\" srcset=\"https:\/\/santemc.quebec\/santemc\/icentre\/wp-content\/uploads\/2017\/12\/Ma\u00e9lie-Robert-Lacroix_gagnante_4-6_test-169x300.jpg 169w, https:\/\/santemc.quebec\/santemc\/icentre\/wp-content\/uploads\/2017\/12\/Ma\u00e9lie-Robert-Lacroix_gagnante_4-6_test.jpg 500w\" sizes=\"(max-width: 169px) 100vw, 169px\" \/><\/a><p id=\"caption-attachment-6031\" class=\"wp-caption-text\">Ma\u00e9lie Robert-Lacroix en compagnie de sa m\u00e8re<\/p><\/div>\n<div id=\"attachment_6030\" style=\"width: 260px\" class=\"wp-caption alignleft\"><a href=\"http:\/\/santemc.quebec\/santemc\/icentre\/wp-content\/uploads\/2017\/12\/B\u00e9n\u00e9dicte-Navet_gagnante_7-9_test.jpg\"><img aria-describedby=\"caption-attachment-6030\" decoding=\"async\" loading=\"lazy\" class=\"wp-image-6030\" src=\"http:\/\/santemc.quebec\/santemc\/icentre\/wp-content\/uploads\/2017\/12\/B\u00e9n\u00e9dicte-Navet_gagnante_7-9_test-271x300.jpg\" alt=\"\" width=\"250\" height=\"277\" srcset=\"https:\/\/santemc.quebec\/santemc\/icentre\/wp-content\/uploads\/2017\/12\/B\u00e9n\u00e9dicte-Navet_gagnante_7-9_test-271x300.jpg 271w, https:\/\/santemc.quebec\/santemc\/icentre\/wp-content\/uploads\/2017\/12\/B\u00e9n\u00e9dicte-Navet_gagnante_7-9_test.jpg 500w\" sizes=\"(max-width: 250px) 100vw, 250px\" \/><\/a><p id=\"caption-attachment-6030\" class=\"wp-caption-text\">De gauche \u00e0 droite : Richard Deschamps, pr\u00e9sident-directeur g\u00e9n\u00e9ral, Elsa St-Pierre, B\u00e9n\u00e9dicte Navet et Maryse Poupart, directrice des ressources humaines, des communications et des affaires juridiques<\/p><\/div>\n<div id=\"attachment_6029\" style=\"width: 260px\" class=\"wp-caption alignleft\"><a href=\"http:\/\/santemc.quebec\/santemc\/icentre\/wp-content\/uploads\/2017\/12\/Marianne-Laberge_gagnante_10-12_test.jpg\"><img aria-describedby=\"caption-attachment-6029\" decoding=\"async\" loading=\"lazy\" class=\"wp-image-6029\" src=\"http:\/\/santemc.quebec\/santemc\/icentre\/wp-content\/uploads\/2017\/12\/Marianne-Laberge_gagnante_10-12_test-251x300.jpg\" alt=\"\" width=\"250\" height=\"299\" srcset=\"https:\/\/santemc.quebec\/santemc\/icentre\/wp-content\/uploads\/2017\/12\/Marianne-Laberge_gagnante_10-12_test-251x300.jpg 251w, https:\/\/santemc.quebec\/santemc\/icentre\/wp-content\/uploads\/2017\/12\/Marianne-Laberge_gagnante_10-12_test.jpg 500w\" sizes=\"(max-width: 250px) 100vw, 250px\" \/><\/a><p id=\"caption-attachment-6029\" class=\"wp-caption-text\">De gauche \u00e0 droite : Richard Deschamps, pr\u00e9sident-directeur g\u00e9n\u00e9ral, Th\u00e9o Laberge, Natalie Racine, Marianne Laberge et Maryse Poupart, directrice des ressources humaines, des communications et des affaires juridiques<\/p><\/div>\n<p>&nbsp;<\/p>\n","protected":false},"excerpt":{"rendered":"<p>Sans plus tarder, voici les gagnantes de cette deuxi\u00e8me \u00e9dition\u00a0du concours de dessins: Ma\u00e9lie Robert-Lacroix, 5 ans; B\u00e9n\u00e9dicte Navet, 8 ans et Marianne Laberge, 10 ans. F\u00e9licitations aux gagnantes, aux finalistes et \u00e0 tous les enfants qui ont particip\u00e9 au &hellip; <a href=\"https:\/\/santemc.quebec\/icentre\/de-jeunes-artistes-sillustrent-au-concours-de-dessins\/\">Continuer la lecture <span class=\"meta-nav\">&rarr;<\/span><\/a><\/p>\n","protected":false},"author":9,"featured_media":0,"comment_status":"open","ping_status":"closed","sticky":false,"template":"","format":"standard","meta":{"footnotes":""},"categories":[1],"tags":[],"_links":{"self":[{"href":"https:\/\/santemc.quebec\/icentre\/wp-json\/wp\/v2\/posts\/5993"}],"collection":[{"href":"https:\/\/santemc.quebec\/icentre\/wp-json\/wp\/v2\/posts"}],"about":[{"href":"https:\/\/santemc.quebec\/icentre\/wp-json\/wp\/v2\/types\/post"}],"author":[{"embeddable":true,"href":"https:\/\/santemc.quebec\/icentre\/wp-json\/wp\/v2\/users\/9"}],"replies":[{"embeddable":true,"href":"https:\/\/santemc.quebec\/icentre\/wp-json\/wp\/v2\/comments?post=5993"}],"version-history":[{"count":35,"href":"https:\/\/santemc.quebec\/icentre\/wp-json\/wp\/v2\/posts\/5993\/revisions"}],"predecessor-version":[{"id":6050,"href":"https:\/\/santemc.quebec\/icentre\/wp-json\/wp\/v2\/posts\/5993\/revisions\/6050"}],"wp:attachment":[{"href":"https:\/\/santemc.quebec\/icentre\/wp-json\/wp\/v2\/media?parent=5993"}],"wp:term":[{"taxonomy":"category","embeddable":true,"href":"https:\/\/santemc.quebec\/icentre\/wp-json\/wp\/v2\/categories?post=5993"},{"taxonomy":"post_tag","embeddable":true,"href":"https:\/\/santemc.quebec\/icentre\/wp-json\/wp\/v2\/tags?post=5993"}],"curies":[{"name":"wp","href":"https:\/\/api.w.org\/{rel}","templated":true}]}}