{"id":60,"date":"2015-04-01T15:45:55","date_gmt":"2015-04-01T14:45:55","guid":{"rendered":"http:\/\/santemc.quebec\/journal\/?p=60"},"modified":"2015-05-06T17:01:46","modified_gmt":"2015-05-06T16:01:46","slug":"premieres-nominations-du-cisss-de-la-monteregie-centre","status":"publish","type":"post","link":"https:\/\/santemc.quebec\/icentre\/premieres-nominations-du-cisss-de-la-monteregie-centre\/","title":{"rendered":"Premi\u00e8res nominations du CISSS de la Mont\u00e9r\u00e9gie-Centre"},"content":{"rendered":"<p>Bonjour,<\/p>\n<p>Je souhaite vous informer que j\u2019ai proc\u00e9d\u00e9 ce matin aux premi\u00e8res nominations permettant au CISSS\u00a0de la Mont\u00e9r\u00e9gie-Centre de poursuivre les activit\u00e9s courantes \u00e0 compter d\u2019aujourd\u2019hui.<!--more--><\/p>\n<p>Ainsi, \u00e0 titre de fond\u00e9 de pouvoir, et ce, jusqu\u2019\u00e0 la mise en place du conseil d\u2019administration, j\u2019ai\u00a0nomm\u00e9 :<\/p>\n<ul>\n<li>Mme Lucie M\u00e9nard, directrice des ressources financi\u00e8res;<\/li>\n<li>Mme Maryse Poupart, directrice des ressources humaines, des communications et des\u00a0affaires juridiques;<\/li>\n<li>Dre Sylvie Tardif, directrice des services professionnels par int\u00e9rim;<\/li>\n<li>Dr Pierre Guay, directeur des services professionnels adjoint par int\u00e9rim;<\/li>\n<li>Mme Lise Pouliot, directrice des soins infirmiers par int\u00e9rim.<\/li>\n<li>Mme Pouliot assume cette responsabilit\u00e9 en plus de sa fonction de pr\u00e9sidente-directrice\u00a0g\u00e9n\u00e9rale adjointe;<\/li>\n<li>Mme Olga Medeiros, directrice des soins infirmiers adjointe par int\u00e9rim;<\/li>\n<li>Mme Louise Hardy, commissaire aux plaintes et \u00e0 la qualit\u00e9 des services par int\u00e9rim;<\/li>\n<li>Mme Alexandrine C\u00f4t\u00e9, commissaire aux plaintes et \u00e0 la qualit\u00e9 des services adjointe par\u00a0int\u00e9rim;<\/li>\n<li>Mme Christine St-Onge, responsable des services de sage-femme par int\u00e9rim;<\/li>\n<li>Mme Christine Daniel, responsable de l\u2019acc\u00e8s aux documents et de la protection des\u00a0renseignements personnels par int\u00e9rim;<\/li>\n<\/ul>\n<p>J\u2019ai \u00e9galement nomm\u00e9 les signataires des effets bancaires ainsi que les signataires autoris\u00e9s pour les\u00a0demandes de paiement des m\u00e9decins et r\u00e9sidents \u00e0 la R\u00e9gie d\u2019assurance maladie du Qu\u00e9bec. Ces\u00a0personnes ont \u00e9t\u00e9 inform\u00e9es de ces d\u00e9cisions.<\/p>\n<p>Aujourd\u2019hui, les cadres et hors-cadres dont le poste a \u00e9t\u00e9 aboli et qui ont choisi le replacement dans le\u00a0secteur recevront une lettre confirmant qu\u2019ils continueront \u00e0 assumer, de fa\u00e7on temporaire, les\u00a0fonctions et responsabilit\u00e9s qu\u2019ils occupaient avant aujourd\u2019hui. Pour les autres, les diff\u00e9rentes\u00a0mesures s\u2019appliquent en fonction de leur choix et ils seront rencontr\u00e9s prochainement.<\/p>\n<p>Au cours des prochains jours, d\u00e8s que l\u2019information sera disponible, je vous ferai conna\u00eetre la structure\u00a0organisationnelle d\u00e9termin\u00e9e par le ministre de la Sant\u00e9 et des Services sociaux pour notre\u00a0\u00e9tablissement. Je proc\u00e9derai ainsi progressivement \u00e0 la dotation des postes, selon les modalit\u00e9s et\u00a0proc\u00e9dures pr\u00e9vues.<\/p>\n<p>Je vous remercie \u00e0 l\u2019avance pour votre collaboration et la contribution que vous apporterez \u00e0 la mise\u00a0en place de ce nouvel \u00e9tablissement, dans une perspective d\u2019accessibilit\u00e9, de continuit\u00e9 et de fluidit\u00e9 1des services \u00e0 la population.<\/p>\n","protected":false},"excerpt":{"rendered":"<p>Bonjour, Je souhaite vous informer que j\u2019ai proc\u00e9d\u00e9 ce matin aux premi\u00e8res nominations permettant au CISSS\u00a0de la Mont\u00e9r\u00e9gie-Centre de poursuivre les activit\u00e9s courantes \u00e0 compter d\u2019aujourd\u2019hui.<\/p>\n","protected":false},"author":1,"featured_media":0,"comment_status":"open","ping_status":"closed","sticky":false,"template":"","format":"standard","meta":{"footnotes":""},"categories":[2],"tags":[8],"_links":{"self":[{"href":"https:\/\/santemc.quebec\/icentre\/wp-json\/wp\/v2\/posts\/60"}],"collection":[{"href":"https:\/\/santemc.quebec\/icentre\/wp-json\/wp\/v2\/posts"}],"about":[{"href":"https:\/\/santemc.quebec\/icentre\/wp-json\/wp\/v2\/types\/post"}],"author":[{"embeddable":true,"href":"https:\/\/santemc.quebec\/icentre\/wp-json\/wp\/v2\/users\/1"}],"replies":[{"embeddable":true,"href":"https:\/\/santemc.quebec\/icentre\/wp-json\/wp\/v2\/comments?post=60"}],"version-history":[{"count":1,"href":"https:\/\/santemc.quebec\/icentre\/wp-json\/wp\/v2\/posts\/60\/revisions"}],"predecessor-version":[{"id":61,"href":"https:\/\/santemc.quebec\/icentre\/wp-json\/wp\/v2\/posts\/60\/revisions\/61"}],"wp:attachment":[{"href":"https:\/\/santemc.quebec\/icentre\/wp-json\/wp\/v2\/media?parent=60"}],"wp:term":[{"taxonomy":"category","embeddable":true,"href":"https:\/\/santemc.quebec\/icentre\/wp-json\/wp\/v2\/categories?post=60"},{"taxonomy":"post_tag","embeddable":true,"href":"https:\/\/santemc.quebec\/icentre\/wp-json\/wp\/v2\/tags?post=60"}],"curies":[{"name":"wp","href":"https:\/\/api.w.org\/{rel}","templated":true}]}}