{"id":6051,"date":"2017-12-15T10:52:53","date_gmt":"2017-12-15T15:52:53","guid":{"rendered":"http:\/\/santemc.quebec\/icentre\/?p=6051"},"modified":"2017-12-15T10:58:32","modified_gmt":"2017-12-15T15:58:32","slug":"bulletin-periscope-pres-dun-monteregien-sur-six-est-fortement-derange-par-le-bruit-copy-copy-copy-copy-copy","status":"publish","type":"post","link":"https:\/\/santemc.quebec\/icentre\/bulletin-periscope-pres-dun-monteregien-sur-six-est-fortement-derange-par-le-bruit-copy-copy-copy-copy-copy\/","title":{"rendered":"Bulletin P\u00e9riscope &#8211; Hausse des troubles musculo-squelettiques chez les travailleurs"},"content":{"rendered":"<p><img decoding=\"async\" loading=\"lazy\" class=\"aligncenter wp-image-2877 size-full\" src=\"http:\/\/santemc.quebec\/santemc\/icentre\/wp-content\/uploads\/2016\/09\/periscope.png\" alt=\"periscope\" width=\"789\" height=\"163\" srcset=\"https:\/\/santemc.quebec\/santemc\/icentre\/wp-content\/uploads\/2016\/09\/periscope.png 789w, https:\/\/santemc.quebec\/santemc\/icentre\/wp-content\/uploads\/2016\/09\/periscope-300x62.png 300w, https:\/\/santemc.quebec\/santemc\/icentre\/wp-content\/uploads\/2016\/09\/periscope-768x159.png 768w, https:\/\/santemc.quebec\/santemc\/icentre\/wp-content\/uploads\/2016\/09\/periscope-500x103.png 500w\" sizes=\"(max-width: 789px) 100vw, 789px\" \/><\/p>\n<p>Selon vous, quelle proportion de travailleurs en Mont\u00e9r\u00e9gie se dit atteinte d\u2019un trouble musculo-squelettique (TMS) li\u00e9 \u00e0 leur travail au cours d\u2019une ann\u00e9e? Selon vous, quelle proportion de travailleurs en Mont\u00e9r\u00e9gie se dit atteinte d\u2019un trouble musculo-squelettique (TMS) li\u00e9 \u00e0 leur travail au cours d\u2019une ann\u00e9e? 5 %? 10 %? 15 %? Vous \u00eates malheureusement loin du compte.<\/p>\n<p><!--more--><\/p>\n<p>Pour savoir ce qu\u2019il en est, nous vous invitons \u00e0 consulter le <a href=\"http:\/\/extranet.santemonteregie.qc.ca\/depot\/document\/3898\/Periscope-TMS-MB2017.pdf\" target=\"_blank\" rel=\"noopener\">bulletin P\u00e9riscope de ce mois-ci<\/a>, lequel pr\u00e9sente les r\u00e9sultats de l\u2019Enqu\u00eate qu\u00e9b\u00e9coise sur la sant\u00e9 de la population 2014-2015.<\/p>\n<p>&nbsp;<\/p>\n<p>&nbsp;<\/p>\n","protected":false},"excerpt":{"rendered":"<p>Selon vous, quelle proportion de travailleurs en Mont\u00e9r\u00e9gie se dit atteinte d\u2019un trouble musculo-squelettique (TMS) li\u00e9 \u00e0 leur travail au cours d\u2019une ann\u00e9e? Selon vous, quelle proportion de travailleurs en Mont\u00e9r\u00e9gie se dit atteinte d\u2019un trouble musculo-squelettique (TMS) li\u00e9 \u00e0 &hellip; <a href=\"https:\/\/santemc.quebec\/icentre\/bulletin-periscope-pres-dun-monteregien-sur-six-est-fortement-derange-par-le-bruit-copy-copy-copy-copy-copy\/\">Continuer la lecture <span class=\"meta-nav\">&rarr;<\/span><\/a><\/p>\n","protected":false},"author":1,"featured_media":0,"comment_status":"open","ping_status":"closed","sticky":false,"template":"","format":"standard","meta":{"footnotes":""},"categories":[1],"tags":[44],"_links":{"self":[{"href":"https:\/\/santemc.quebec\/icentre\/wp-json\/wp\/v2\/posts\/6051"}],"collection":[{"href":"https:\/\/santemc.quebec\/icentre\/wp-json\/wp\/v2\/posts"}],"about":[{"href":"https:\/\/santemc.quebec\/icentre\/wp-json\/wp\/v2\/types\/post"}],"author":[{"embeddable":true,"href":"https:\/\/santemc.quebec\/icentre\/wp-json\/wp\/v2\/users\/1"}],"replies":[{"embeddable":true,"href":"https:\/\/santemc.quebec\/icentre\/wp-json\/wp\/v2\/comments?post=6051"}],"version-history":[{"count":4,"href":"https:\/\/santemc.quebec\/icentre\/wp-json\/wp\/v2\/posts\/6051\/revisions"}],"predecessor-version":[{"id":6055,"href":"https:\/\/santemc.quebec\/icentre\/wp-json\/wp\/v2\/posts\/6051\/revisions\/6055"}],"wp:attachment":[{"href":"https:\/\/santemc.quebec\/icentre\/wp-json\/wp\/v2\/media?parent=6051"}],"wp:term":[{"taxonomy":"category","embeddable":true,"href":"https:\/\/santemc.quebec\/icentre\/wp-json\/wp\/v2\/categories?post=6051"},{"taxonomy":"post_tag","embeddable":true,"href":"https:\/\/santemc.quebec\/icentre\/wp-json\/wp\/v2\/tags?post=6051"}],"curies":[{"name":"wp","href":"https:\/\/api.w.org\/{rel}","templated":true}]}}