{"id":6056,"date":"2017-12-18T10:59:02","date_gmt":"2017-12-18T15:59:02","guid":{"rendered":"http:\/\/santemc.quebec\/icentre\/?p=6056"},"modified":"2017-12-18T10:59:02","modified_gmt":"2017-12-18T15:59:02","slug":"un-evenement-destine-a-la-population-dexpression-anglaise-monteregienne-2","status":"publish","type":"post","link":"https:\/\/santemc.quebec\/icentre\/un-evenement-destine-a-la-population-dexpression-anglaise-monteregienne-2\/","title":{"rendered":"Un \u00e9v\u00e9nement destin\u00e9 \u00e0 la population d\u2019expression anglaise mont\u00e9r\u00e9gienne"},"content":{"rendered":"<div id=\"attachment_6057\" style=\"width: 229px\" class=\"wp-caption alignleft\"><a href=\"http:\/\/santemc.quebec\/santemc\/icentre\/wp-content\/uploads\/2017\/12\/photo_1_communautaire.jpg\"><img aria-describedby=\"caption-attachment-6057\" decoding=\"async\" loading=\"lazy\" class=\"wp-image-6057 size-medium\" src=\"http:\/\/santemc.quebec\/santemc\/icentre\/wp-content\/uploads\/2017\/12\/photo_1_communautaire-219x300.jpg\" alt=\"\" width=\"219\" height=\"300\" srcset=\"https:\/\/santemc.quebec\/santemc\/icentre\/wp-content\/uploads\/2017\/12\/photo_1_communautaire-219x300.jpg 219w, https:\/\/santemc.quebec\/santemc\/icentre\/wp-content\/uploads\/2017\/12\/photo_1_communautaire-768x1053.jpg 768w, https:\/\/santemc.quebec\/santemc\/icentre\/wp-content\/uploads\/2017\/12\/photo_1_communautaire-747x1024.jpg 747w\" sizes=\"(max-width: 219px) 100vw, 219px\" \/><\/a><p id=\"caption-attachment-6057\" class=\"wp-caption-text\">Deux charmantes fillettes rencontrent le P\u00e8re No\u00ebl.<\/p><\/div>\n<p>Le mercredi 29 novembre se tenait, \u00e0 l\u2019\u00c9cole secondaire Internationale de Saint-Lambert, une soir\u00e9e communautaire pour la population d\u2019expression anglaise des arrondissements de Greenfield Park, de Saint-Hubert et de la ville de Saint-Lambert. Plusieurs partenaires communautaires et publics, dont notre CISSS, ont particip\u00e9 \u00e0 l\u2019organisation et \u00e0 la tenue de cette initiative de la <em>Table r\u00e9gionale des partenaires en sant\u00e9 et services sociaux de la communaut\u00e9 d\u2019expression anglaise<\/em>. Cet \u00e9v\u00e9nement visait \u00e0 permettre aux citoyens de rencontrer plusieurs organismes de leur milieu, de se renseigner sur les services disponibles et de r\u00e9seauter.<\/p>\n<p><!--more--><\/p>\n<p>La population a pu visiter plus d\u2019une trentaine de kiosques d\u2019information et participer \u00e0 de nombreuses activit\u00e9s.<\/p>\n<p>La participation de notre CISSS \u00e0 cet \u00e9v\u00e9nement, qui a contribu\u00e9 \u00e0 son rayonnement, n\u2019aurait pu \u00eatre possible sans la participation de repr\u00e9sentants des directions\u00a0:<\/p>\n<ul>\n<li>du programme jeunesse;<\/li>\n<li>du programme de soutien \u00e0 l\u2019autonomie des personnes \u00e2g\u00e9es;<\/li>\n<li>des ressources humaines, des communications et des affaires juridiques;<\/li>\n<li>du commissariat aux plaintes et \u00e0 la qualit\u00e9 des services.<\/li>\n<\/ul>\n<p>Un merci sinc\u00e8re \u00e0 toutes ces personnes qui ont pr\u00e9sent\u00e9 de fa\u00e7on dynamique des informations de grande qualit\u00e9.<\/p>\n<div id=\"attachment_6060\" style=\"width: 310px\" class=\"wp-caption alignleft\"><a href=\"http:\/\/santemc.quebec\/santemc\/icentre\/wp-content\/uploads\/2017\/12\/photo_3_communautaire.jpg\"><img aria-describedby=\"caption-attachment-6060\" decoding=\"async\" loading=\"lazy\" class=\"size-medium wp-image-6060\" src=\"http:\/\/santemc.quebec\/santemc\/icentre\/wp-content\/uploads\/2017\/12\/photo_3_communautaire-300x196.jpg\" alt=\"\" width=\"300\" height=\"196\" srcset=\"https:\/\/santemc.quebec\/santemc\/icentre\/wp-content\/uploads\/2017\/12\/photo_3_communautaire-300x196.jpg 300w, https:\/\/santemc.quebec\/santemc\/icentre\/wp-content\/uploads\/2017\/12\/photo_3_communautaire-768x501.jpg 768w, https:\/\/santemc.quebec\/santemc\/icentre\/wp-content\/uploads\/2017\/12\/photo_3_communautaire-1024x668.jpg 1024w, https:\/\/santemc.quebec\/santemc\/icentre\/wp-content\/uploads\/2017\/12\/photo_3_communautaire-460x300.jpg 460w\" sizes=\"(max-width: 300px) 100vw, 300px\" \/><\/a><p id=\"caption-attachment-6060\" class=\"wp-caption-text\">Carine Ouellette, du CISSS de la Mont\u00e9r\u00e9gie-Centre, en compagnie du P\u00e8re No\u00ebl<\/p><\/div>\n<div id=\"attachment_6058\" style=\"width: 310px\" class=\"wp-caption alignright\"><a href=\"http:\/\/santemc.quebec\/santemc\/icentre\/wp-content\/uploads\/2017\/12\/photo_2_communautaire.jpg\"><img aria-describedby=\"caption-attachment-6058\" decoding=\"async\" loading=\"lazy\" class=\"size-medium wp-image-6058\" src=\"http:\/\/santemc.quebec\/santemc\/icentre\/wp-content\/uploads\/2017\/12\/photo_2_communautaire-300x187.jpg\" alt=\"\" width=\"300\" height=\"187\" srcset=\"https:\/\/santemc.quebec\/santemc\/icentre\/wp-content\/uploads\/2017\/12\/photo_2_communautaire-300x187.jpg 300w, https:\/\/santemc.quebec\/santemc\/icentre\/wp-content\/uploads\/2017\/12\/photo_2_communautaire-768x479.jpg 768w, https:\/\/santemc.quebec\/santemc\/icentre\/wp-content\/uploads\/2017\/12\/photo_2_communautaire-1024x638.jpg 1024w, https:\/\/santemc.quebec\/santemc\/icentre\/wp-content\/uploads\/2017\/12\/photo_2_communautaire-481x300.jpg 481w\" sizes=\"(max-width: 300px) 100vw, 300px\" \/><\/a><p id=\"caption-attachment-6058\" class=\"wp-caption-text\">De gauche \u00e0 droite : Tanya Linkletter,<br \/>ACCESS; Annie Beauregard, Seaway Community Learning Center; P\u00e8re No\u00ebl; Katherine Quast, Centre d&rsquo;assistance et de r\u00e9f\u00e9rence; Emilie Bergeron, CISSS de la Mont\u00e9r\u00e9gie-Centre;\u00a0Robyn Graham, Centre d&rsquo;assistance et de r\u00e9f\u00e9rence<\/p><\/div>\n","protected":false},"excerpt":{"rendered":"<p>Le mercredi 29 novembre se tenait, \u00e0 l\u2019\u00c9cole secondaire Internationale de Saint-Lambert, une soir\u00e9e communautaire pour la population d\u2019expression anglaise des arrondissements de Greenfield Park, de Saint-Hubert et de la ville de Saint-Lambert. Plusieurs partenaires communautaires et publics, dont notre &hellip; <a href=\"https:\/\/santemc.quebec\/icentre\/un-evenement-destine-a-la-population-dexpression-anglaise-monteregienne-2\/\">Continuer la lecture <span class=\"meta-nav\">&rarr;<\/span><\/a><\/p>\n","protected":false},"author":9,"featured_media":0,"comment_status":"open","ping_status":"closed","sticky":false,"template":"","format":"standard","meta":{"footnotes":""},"categories":[1],"tags":[],"_links":{"self":[{"href":"https:\/\/santemc.quebec\/icentre\/wp-json\/wp\/v2\/posts\/6056"}],"collection":[{"href":"https:\/\/santemc.quebec\/icentre\/wp-json\/wp\/v2\/posts"}],"about":[{"href":"https:\/\/santemc.quebec\/icentre\/wp-json\/wp\/v2\/types\/post"}],"author":[{"embeddable":true,"href":"https:\/\/santemc.quebec\/icentre\/wp-json\/wp\/v2\/users\/9"}],"replies":[{"embeddable":true,"href":"https:\/\/santemc.quebec\/icentre\/wp-json\/wp\/v2\/comments?post=6056"}],"version-history":[{"count":3,"href":"https:\/\/santemc.quebec\/icentre\/wp-json\/wp\/v2\/posts\/6056\/revisions"}],"predecessor-version":[{"id":6062,"href":"https:\/\/santemc.quebec\/icentre\/wp-json\/wp\/v2\/posts\/6056\/revisions\/6062"}],"wp:attachment":[{"href":"https:\/\/santemc.quebec\/icentre\/wp-json\/wp\/v2\/media?parent=6056"}],"wp:term":[{"taxonomy":"category","embeddable":true,"href":"https:\/\/santemc.quebec\/icentre\/wp-json\/wp\/v2\/categories?post=6056"},{"taxonomy":"post_tag","embeddable":true,"href":"https:\/\/santemc.quebec\/icentre\/wp-json\/wp\/v2\/tags?post=6056"}],"curies":[{"name":"wp","href":"https:\/\/api.w.org\/{rel}","templated":true}]}}