{"id":6117,"date":"2018-01-05T13:28:30","date_gmt":"2018-01-05T18:28:30","guid":{"rendered":"http:\/\/santemc.quebec\/icentre\/?p=6117"},"modified":"2018-01-05T14:54:41","modified_gmt":"2018-01-05T19:54:41","slug":"lamelioration-de-la-qualite-des-soins-une-priorite-pour-le-cecii-et-ceciia","status":"publish","type":"post","link":"https:\/\/santemc.quebec\/icentre\/lamelioration-de-la-qualite-des-soins-une-priorite-pour-le-cecii-et-ceciia\/","title":{"rendered":"L\u2019am\u00e9lioration de la qualit\u00e9 des soins et services : une priorit\u00e9 pour le CECII et CECIIA!"},"content":{"rendered":"<div id=\"attachment_6123\" style=\"width: 370px\" class=\"wp-caption alignleft\"><a href=\"http:\/\/santemc.quebec\/santemc\/icentre\/wp-content\/uploads\/2018\/01\/CECII_2017.png\"><img aria-describedby=\"caption-attachment-6123\" decoding=\"async\" loading=\"lazy\" class=\"wp-image-6123\" src=\"http:\/\/santemc.quebec\/santemc\/icentre\/wp-content\/uploads\/2018\/01\/CECII_2017.png\" alt=\"\" width=\"360\" height=\"273\" \/><\/a><p id=\"caption-attachment-6123\" class=\"wp-caption-text\">\u00c0 l&rsquo;avant : Simon Larochelle, Nathalie Boutin, Sandra Amaya, Isabelle Savary, Isabelle Gu\u00e9rard &#8211; \u00c0 l&rsquo;arri\u00e8re : Sandra Morin, Sylvie Desjardins, Martine Fontaine, Am\u00e9lie Barette-Latour, Chantal Charrette, Simon Normandin, Chantal Doddridge, Joanne Poirier &#8211; Absente: Any Thibodeau<\/p><\/div>\n<p>Vous \u00eates infirmi\u00e8re? Alors vous faites partie du conseil des infirmi\u00e8res et infirmiers (CII). Vous \u00eates infirmi\u00e8re auxiliaire? Alors vous faites partie du conseil des infirmi\u00e8res et infirmiers auxiliaires (CIIA). Ces deux conseils, chapeaut\u00e9s par une \u00e9quipe de 15 infirmi\u00e8res et infirmi\u00e8res auxiliaires \u00e9lues par les membres, constituent respectivement les comit\u00e9s ex\u00e9cutifs du conseil des infirmi\u00e8res (CECII) et du comit\u00e9 des infirmi\u00e8res auxiliaires (CECIIA). Ces derniers ont pour mandat d\u2019effectuer des recommandations concernant la qualit\u00e9 des soins infirmiers et des services\u00a0\u00e0 la direction g\u00e9n\u00e9rale et au conseil d\u2019administration.\u00a0Les recommandations peuvent porter sur la qualit\u00e9 des actes infirmiers ainsi que leur organisation, sur les r\u00e8gles de soins infirmiers et sur le maintien des comp\u00e9tences des infirmi\u00e8res.<!--more--><\/p>\n<p>Vous pouvez adresser vos pr\u00e9occupations concernant la qualit\u00e9 des soins et services\u00a0aux membres du CECII. Ce comit\u00e9 a un acc\u00e8s direct aux d\u00e9cideurs de l\u2019\u00e9tablissement. Si vous avez des projets ou des sujets qui m\u00e9ritent une attention particuli\u00e8re, le CECII et le CECIIA sont \u00e0 l\u2019\u00e9coute de vos enjeux de qualit\u00e9.<\/p>\n<p>Dans la prochaine ann\u00e9e, les infirmi\u00e8res et les infirmi\u00e8res auxiliaires sont invit\u00e9es \u00e0 venir \u00a0rencontrer et \u00e9changer avec le CECII et le CECIIA lors des diff\u00e9rentes activit\u00e9s de formation continue, le gala annuel (AGA), etc. Soyez \u00e0 l\u2019aff\u00fbt des activit\u00e9s \u00e0 venir!<\/p>\n<p><strong>Vous d\u00e9sirez vous impliquer? <\/strong><\/p>\n<p>Le CECII et le CECIIA sont \u00e0 la recherche de d\u00e9l\u00e9gu\u00e9s afin de favoriser la pr\u00e9sence et la repr\u00e9sentativit\u00e9 de tous les services, unit\u00e9s ou d\u00e9partements des diff\u00e9rents sites pour s\u2019impliquer et discuter de la qualit\u00e9 des soins et des services.\u00a0Le mandat est d\u2019une dur\u00e9e d\u2019un an et diff\u00e9rents avantages sont li\u00e9s \u00e0 ce r\u00f4le.<\/p>\n<p>Pour plus d\u2019information, vous pouvez joindre Isabelle Savary par courriel <a href=\"mailto:isabelle.savary.cssshrr16@ssss.gouv.qc.ca\">isabelle.savary.cssshrr16@ssss.gouv.qc.ca<\/a> ou par t\u00e9l\u00e9phone au 450\u00a0358-2578, poste 8947.<\/p>\n<p><a href=\"http:\/\/santemc.quebec\/santemc\/icentre\/wp-content\/uploads\/2018\/01\/Formulaire_CII.docx\" target=\"_blank\" rel=\"noopener\">Formulaire d\u2019inscription<\/a><\/p>\n","protected":false},"excerpt":{"rendered":"<p>Vous \u00eates infirmi\u00e8re? Alors vous faites partie du conseil des infirmi\u00e8res et infirmiers (CII). Vous \u00eates infirmi\u00e8re auxiliaire? Alors vous faites partie du conseil des infirmi\u00e8res et infirmiers auxiliaires (CIIA). Ces deux conseils, chapeaut\u00e9s par une \u00e9quipe de 15 infirmi\u00e8res &hellip; <a href=\"https:\/\/santemc.quebec\/icentre\/lamelioration-de-la-qualite-des-soins-une-priorite-pour-le-cecii-et-ceciia\/\">Continuer la lecture <span class=\"meta-nav\">&rarr;<\/span><\/a><\/p>\n","protected":false},"author":1,"featured_media":0,"comment_status":"open","ping_status":"closed","sticky":false,"template":"","format":"standard","meta":{"footnotes":""},"categories":[1],"tags":[],"_links":{"self":[{"href":"https:\/\/santemc.quebec\/icentre\/wp-json\/wp\/v2\/posts\/6117"}],"collection":[{"href":"https:\/\/santemc.quebec\/icentre\/wp-json\/wp\/v2\/posts"}],"about":[{"href":"https:\/\/santemc.quebec\/icentre\/wp-json\/wp\/v2\/types\/post"}],"author":[{"embeddable":true,"href":"https:\/\/santemc.quebec\/icentre\/wp-json\/wp\/v2\/users\/1"}],"replies":[{"embeddable":true,"href":"https:\/\/santemc.quebec\/icentre\/wp-json\/wp\/v2\/comments?post=6117"}],"version-history":[{"count":7,"href":"https:\/\/santemc.quebec\/icentre\/wp-json\/wp\/v2\/posts\/6117\/revisions"}],"predecessor-version":[{"id":6136,"href":"https:\/\/santemc.quebec\/icentre\/wp-json\/wp\/v2\/posts\/6117\/revisions\/6136"}],"wp:attachment":[{"href":"https:\/\/santemc.quebec\/icentre\/wp-json\/wp\/v2\/media?parent=6117"}],"wp:term":[{"taxonomy":"category","embeddable":true,"href":"https:\/\/santemc.quebec\/icentre\/wp-json\/wp\/v2\/categories?post=6117"},{"taxonomy":"post_tag","embeddable":true,"href":"https:\/\/santemc.quebec\/icentre\/wp-json\/wp\/v2\/tags?post=6117"}],"curies":[{"name":"wp","href":"https:\/\/api.w.org\/{rel}","templated":true}]}}