{"id":6166,"date":"2018-01-19T09:57:10","date_gmt":"2018-01-19T14:57:10","guid":{"rendered":"http:\/\/santemc.quebec\/icentre\/?p=6166"},"modified":"2018-01-19T09:58:28","modified_gmt":"2018-01-19T14:58:28","slug":"les-directeurs-de-sante-publique-du-quebec-donnent-leur-point-de-vue-en-commission-parlementaire","status":"publish","type":"post","link":"https:\/\/santemc.quebec\/icentre\/les-directeurs-de-sante-publique-du-quebec-donnent-leur-point-de-vue-en-commission-parlementaire\/","title":{"rendered":"Les directeurs de sant\u00e9 publique du Qu\u00e9bec donnent leur point de vue en commission parlementaire"},"content":{"rendered":"<div id=\"attachment_6167\" style=\"width: 310px\" class=\"wp-caption alignleft\"><a href=\"http:\/\/santemc.quebec\/santemc\/icentre\/wp-content\/uploads\/2018\/01\/asemblee_nationale.png\"><img aria-describedby=\"caption-attachment-6167\" decoding=\"async\" loading=\"lazy\" class=\"size-medium wp-image-6167\" src=\"http:\/\/santemc.quebec\/santemc\/icentre\/wp-content\/uploads\/2018\/01\/asemblee_nationale-300x225.png\" alt=\"\" width=\"300\" height=\"225\" srcset=\"https:\/\/santemc.quebec\/santemc\/icentre\/wp-content\/uploads\/2018\/01\/asemblee_nationale-300x225.png 300w, https:\/\/santemc.quebec\/santemc\/icentre\/wp-content\/uploads\/2018\/01\/asemblee_nationale-400x300.png 400w, https:\/\/santemc.quebec\/santemc\/icentre\/wp-content\/uploads\/2018\/01\/asemblee_nationale.png 640w\" sizes=\"(max-width: 300px) 100vw, 300px\" \/><\/a><p id=\"caption-attachment-6167\" class=\"wp-caption-text\">Dre Julie Loslier \u00e9tait accompagn\u00e9e de Dr Richard Mass\u00e9, DSP de Montr\u00e9al, et de Dr Fran\u00e7ois Desbiens, DSP de la Capitale-Nationale.<\/p><\/div>\n<p>Depuis plusieurs mois, les directeurs r\u00e9gionaux de sant\u00e9 publique (DRSP) suivent de pr\u00e8s les travaux entourant l\u2019adoption des projets de loi f\u00e9d\u00e9ral et provincial. Notre directrice de sant\u00e9 publique de la Mont\u00e9r\u00e9gie, Dre Julie Loslier, les repr\u00e9sentait \u00e0 nouveau mercredi dernier, lors de la derni\u00e8re journ\u00e9e d\u2019audition publique \u00e0 la Commission de la sant\u00e9 et des services sociaux dans le cadre des consultations particuli\u00e8res sur le projet de loi no 157\u2013 Loi constituant la Soci\u00e9t\u00e9 qu\u00e9b\u00e9coise du cannabis, \u00e9dictant la Loi encadrant le cannabis et modifiant diverses dispositions en mati\u00e8re de s\u00e9curit\u00e9 routi\u00e8re.<\/p>\n<p><!--more--><\/p>\n<p>Dans leur plus r\u00e9cent m\u00e9moire, les DRSP saluent l\u2019approche de pr\u00e9vention et de r\u00e9duction des m\u00e9faits adopt\u00e9e par le gouvernement. Toutefois, ils proposent certaines modifications afin d\u2019ench\u00e2sser davantage cette approche pr\u00e9ventive dans la l\u00e9gislation.<\/p>\n<p>Leurs principales recommandations sont\u00a0:<\/p>\n<ul>\n<li>interdire la publicit\u00e9 et la promotion du cannabis destin\u00e9 tant \u00e0 un usage r\u00e9cr\u00e9atif que th\u00e9rapeutique;<\/li>\n<li>attendre que le r\u00e9seau de vente de la Soci\u00e9t\u00e9 qu\u00e9b\u00e9coise du cannabis (SQC) couvre tout le Qu\u00e9bec avant de mettre en place des projets pilotes pour d\u2019autres modes de distribution;<\/li>\n<li>maintenir la possibilit\u00e9 de consommer du cannabis dans les lieux publics ext\u00e9rieurs tel que propos\u00e9 dans le projet de loi, mais y inclure l&rsquo;interdiction de consommer du cannabis lors d&rsquo;\u00e9v\u00e9nements destin\u00e9s aux familles et aux enfants.<\/li>\n<\/ul>\n<p>Vous voulez conna\u00eetre davantage leur point de vue?<\/p>\n<p>Nous vous invitons \u00e0 consulter leur m\u00e9moire :<\/p>\n<p><a href=\"http:\/\/www.santemonteregie.qc.ca\/champlaincharleslemoyne\/presse\/communiques\/detail\/commdsp20180117.fr.html#.WmFjNGKu_YU\" target=\"_blank\" rel=\"noopener\">http:\/\/www.santemonteregie.qc.ca\/champlaincharleslemoyne\/presse\/communiques\/detail\/commdsp20180117.fr.html#.WmFjNGKu_YU<\/a><\/p>\n","protected":false},"excerpt":{"rendered":"<p>Depuis plusieurs mois, les directeurs r\u00e9gionaux de sant\u00e9 publique (DRSP) suivent de pr\u00e8s les travaux entourant l\u2019adoption des projets de loi f\u00e9d\u00e9ral et provincial. Notre directrice de sant\u00e9 publique de la Mont\u00e9r\u00e9gie, Dre Julie Loslier, les repr\u00e9sentait \u00e0 nouveau mercredi &hellip; <a href=\"https:\/\/santemc.quebec\/icentre\/les-directeurs-de-sante-publique-du-quebec-donnent-leur-point-de-vue-en-commission-parlementaire\/\">Continuer la lecture <span class=\"meta-nav\">&rarr;<\/span><\/a><\/p>\n","protected":false},"author":9,"featured_media":0,"comment_status":"open","ping_status":"closed","sticky":false,"template":"","format":"standard","meta":{"footnotes":""},"categories":[1],"tags":[],"_links":{"self":[{"href":"https:\/\/santemc.quebec\/icentre\/wp-json\/wp\/v2\/posts\/6166"}],"collection":[{"href":"https:\/\/santemc.quebec\/icentre\/wp-json\/wp\/v2\/posts"}],"about":[{"href":"https:\/\/santemc.quebec\/icentre\/wp-json\/wp\/v2\/types\/post"}],"author":[{"embeddable":true,"href":"https:\/\/santemc.quebec\/icentre\/wp-json\/wp\/v2\/users\/9"}],"replies":[{"embeddable":true,"href":"https:\/\/santemc.quebec\/icentre\/wp-json\/wp\/v2\/comments?post=6166"}],"version-history":[{"count":3,"href":"https:\/\/santemc.quebec\/icentre\/wp-json\/wp\/v2\/posts\/6166\/revisions"}],"predecessor-version":[{"id":6170,"href":"https:\/\/santemc.quebec\/icentre\/wp-json\/wp\/v2\/posts\/6166\/revisions\/6170"}],"wp:attachment":[{"href":"https:\/\/santemc.quebec\/icentre\/wp-json\/wp\/v2\/media?parent=6166"}],"wp:term":[{"taxonomy":"category","embeddable":true,"href":"https:\/\/santemc.quebec\/icentre\/wp-json\/wp\/v2\/categories?post=6166"},{"taxonomy":"post_tag","embeddable":true,"href":"https:\/\/santemc.quebec\/icentre\/wp-json\/wp\/v2\/tags?post=6166"}],"curies":[{"name":"wp","href":"https:\/\/api.w.org\/{rel}","templated":true}]}}