{"id":6171,"date":"2018-01-19T14:36:06","date_gmt":"2018-01-19T19:36:06","guid":{"rendered":"http:\/\/santemc.quebec\/icentre\/?p=6171"},"modified":"2018-01-19T14:36:06","modified_gmt":"2018-01-19T19:36:06","slug":"nouveaux-groupes-de-cessation-tabagique-debutant-le-29-janvier-aux-clsc-de-la-vallee-des-forts-et-samuel-de-champlain","status":"publish","type":"post","link":"https:\/\/santemc.quebec\/icentre\/nouveaux-groupes-de-cessation-tabagique-debutant-le-29-janvier-aux-clsc-de-la-vallee-des-forts-et-samuel-de-champlain\/","title":{"rendered":"Nouveaux groupes de cessation tabagique d\u00e9butant le 29 janvier aux CLSC de la Vall\u00e9e-des-Forts et Samuel-de-Champlain"},"content":{"rendered":"<p>Que ce soit pour vous, l\u2019un de vos proches ou un usager, il est toujours possible de cesser de fumer. Le CISSS de la Mont\u00e9r\u00e9gie-Centre offre des rencontres de groupe afin de soutenir dans leur d\u00e9marche les fumeurs qui souhaitent se lib\u00e9rer du tabagisme. L\u2019approche de groupe a fait ses preuves et peut doubler les chances de r\u00e9ussite.<\/p>\n<p><!--more--><\/p>\n<p>Ce programme de cinq rencontres, d\u2019une dur\u00e9e de deux heures chacune, est offert gratuitement. Il d\u00e9voile des strat\u00e9gies pour cesser de fumer, de nombreux trucs et conseils.<\/p>\n<p>De plus, un guide pratique sur l\u2019activit\u00e9 physique, l\u2019alimentation et la saine gestion du stress est remis \u00e0 chaque participant afin d\u2019\u00e9tablir un plan d\u2019action pour, non seulement cesser de fumer, mais aussi demeurer non-fumeur.<\/p>\n<p>De nouvelles sessions sont offertes pour chacun des deux RLS de notre CISSS.<\/p>\n<p><strong>RLS du Haut-Richelieu\u2014Rouville<\/strong><br \/>\nLes lundis soirs, du 29 janvier au 26 f\u00e9vrier, de 18 h 30 \u00e0 20 h 30, au CLSC de la Vall\u00e9e-des-Forts, \u00e0 Saint-Jean-sur-Richelieu. Les personnes int\u00e9ress\u00e9es \u00e0 entreprendre cette d\u00e9marche doivent s\u2019inscrire \u00e0 cette session aupr\u00e8s de Linda Charest, infirmi\u00e8re en pr\u00e9vention, promotion de la sant\u00e9, au 450 358-2578, poste 2288.<\/p>\n<p><strong>RLS de Champlain<\/strong><br \/>\nLes lundis soirs, du 29 janvier au 26 f\u00e9vrier, de 18 h 30 \u00e0 20 h 30, au CLSC Samuel-de-Champlain, \u00e0 Brossard. Les personnes int\u00e9ress\u00e9es \u00e0 entreprendre cette d\u00e9marche doivent s\u2019inscrire \u00e0 cette session aupr\u00e8s de Catherine Gagnon, infirmi\u00e8re en pr\u00e9vention, promotion de la sant\u00e9, au 450\u00a0462-5146.<\/p>\n","protected":false},"excerpt":{"rendered":"<p>Que ce soit pour vous, l\u2019un de vos proches ou un usager, il est toujours possible de cesser de fumer. Le CISSS de la Mont\u00e9r\u00e9gie-Centre offre des rencontres de groupe afin de soutenir dans leur d\u00e9marche les fumeurs qui souhaitent &hellip; <a href=\"https:\/\/santemc.quebec\/icentre\/nouveaux-groupes-de-cessation-tabagique-debutant-le-29-janvier-aux-clsc-de-la-vallee-des-forts-et-samuel-de-champlain\/\">Continuer la lecture <span class=\"meta-nav\">&rarr;<\/span><\/a><\/p>\n","protected":false},"author":9,"featured_media":0,"comment_status":"open","ping_status":"closed","sticky":false,"template":"","format":"standard","meta":{"footnotes":""},"categories":[1],"tags":[],"_links":{"self":[{"href":"https:\/\/santemc.quebec\/icentre\/wp-json\/wp\/v2\/posts\/6171"}],"collection":[{"href":"https:\/\/santemc.quebec\/icentre\/wp-json\/wp\/v2\/posts"}],"about":[{"href":"https:\/\/santemc.quebec\/icentre\/wp-json\/wp\/v2\/types\/post"}],"author":[{"embeddable":true,"href":"https:\/\/santemc.quebec\/icentre\/wp-json\/wp\/v2\/users\/9"}],"replies":[{"embeddable":true,"href":"https:\/\/santemc.quebec\/icentre\/wp-json\/wp\/v2\/comments?post=6171"}],"version-history":[{"count":1,"href":"https:\/\/santemc.quebec\/icentre\/wp-json\/wp\/v2\/posts\/6171\/revisions"}],"predecessor-version":[{"id":6172,"href":"https:\/\/santemc.quebec\/icentre\/wp-json\/wp\/v2\/posts\/6171\/revisions\/6172"}],"wp:attachment":[{"href":"https:\/\/santemc.quebec\/icentre\/wp-json\/wp\/v2\/media?parent=6171"}],"wp:term":[{"taxonomy":"category","embeddable":true,"href":"https:\/\/santemc.quebec\/icentre\/wp-json\/wp\/v2\/categories?post=6171"},{"taxonomy":"post_tag","embeddable":true,"href":"https:\/\/santemc.quebec\/icentre\/wp-json\/wp\/v2\/tags?post=6171"}],"curies":[{"name":"wp","href":"https:\/\/api.w.org\/{rel}","templated":true}]}}