{"id":6196,"date":"2018-02-01T09:00:11","date_gmt":"2018-02-01T14:00:11","guid":{"rendered":"http:\/\/santemc.quebec\/icentre\/?p=6196"},"modified":"2018-02-01T09:20:19","modified_gmt":"2018-02-01T14:20:19","slug":"25-ans-dimplication-de-la-societe-des-medecins-de-luniversite-de-sherbrooke-a-la-fondation-hopital-charles-lemoyne","status":"publish","type":"post","link":"https:\/\/santemc.quebec\/icentre\/25-ans-dimplication-de-la-societe-des-medecins-de-luniversite-de-sherbrooke-a-la-fondation-hopital-charles-lemoyne\/","title":{"rendered":"25 ans d&rsquo;implication de la Soci\u00e9t\u00e9 des m\u00e9decins de l&rsquo;Universit\u00e9 de Sherbrooke \u00e0 la Fondation H\u00f4pital Charles-LeMoyne!"},"content":{"rendered":"<p>La Fondation H\u00f4pital Charles-LeMoyne est fi\u00e8re de souligner la grande implication de la Soci\u00e9t\u00e9 des m\u00e9decins de l\u2019Universit\u00e9 de Sherbrooke aupr\u00e8s de son organisation.\u00a0 Depuis 1992, plus de 200\u00a0000 $ ont \u00e9t\u00e9 remis par les m\u00e9decins pour la recherche.<\/p>\n<p><!--more--><\/p>\n<p>\u00ab\u00a0Pour nous, m\u00e9decins de l\u2019Universit\u00e9 de Sherbrooke affili\u00e9s \u00e0 l\u2019H\u00f4pital Charles-Le Moyne, il est essentiel de nous investir dans notre communaut\u00e9. D\u00e8s le d\u00e9but de notre affiliation avec l\u2019H\u00f4pital, la Fondation s\u2019est impos\u00e9e comme le choix \u00e9vident pour y parvenir \u00bb, Dr Jacques-Philippe Faucher, directeur de l\u2019enseignement et des affaires universitaires.<\/p>\n<p>Leur engagement financier \u00e0 l&rsquo;\u00e9gard de la Fondation permet de soutenir et d\u00e9velopper la recherche et l\u2019enseignement. Gr\u00e2ce \u00e0 ces dons, les professeurs de la Facult\u00e9 de m\u00e9decine de l\u2019Universit\u00e9 Sherbrooke maintiennent une expertise de pointe et demeurent \u00e0 l\u2019avant-garde de la recherche. Les fonds ont permis, entre autres, d\u2019acheter un mannequin pour faire des \u00e9chographies aux soins intensifs. \u00c0 cette \u00e9poque, il s\u2019agissait d\u2019une premi\u00e8re dans le monde m\u00e9dical. Maintenant, c\u2019est une technique essentielle et enseign\u00e9e aux \u00e9tudiants.<\/p>\n<div id=\"attachment_6197\" style=\"width: 310px\" class=\"wp-caption aligncenter\"><a href=\"http:\/\/santemc.quebec\/santemc\/icentre\/wp-content\/uploads\/2018\/01\/implication.jpg\"><img aria-describedby=\"caption-attachment-6197\" decoding=\"async\" loading=\"lazy\" class=\"size-medium wp-image-6197\" src=\"http:\/\/santemc.quebec\/santemc\/icentre\/wp-content\/uploads\/2018\/01\/implication-300x196.jpg\" alt=\"\" width=\"300\" height=\"196\" srcset=\"https:\/\/santemc.quebec\/santemc\/icentre\/wp-content\/uploads\/2018\/01\/implication-300x196.jpg 300w, https:\/\/santemc.quebec\/santemc\/icentre\/wp-content\/uploads\/2018\/01\/implication-460x300.jpg 460w, https:\/\/santemc.quebec\/santemc\/icentre\/wp-content\/uploads\/2018\/01\/implication.jpg 737w\" sizes=\"(max-width: 300px) 100vw, 300px\" \/><\/a><p id=\"caption-attachment-6197\" class=\"wp-caption-text\">Dr Jacques-Philippe Faucher, MD, FRCPC, Directeur de l&rsquo;enseignement et des affaires universitaires, CISSS de la Mont\u00e9r\u00e9gie-Centre, doyen associ\u00e9 de la Mont\u00e9r\u00e9gie Facult\u00e9 de m\u00e9decine et des sciences de la sant\u00e9 Universit\u00e9 de Sherbrooke; Dre Chantal Vall\u00e9e, MD, FRCPC, FACP, sp\u00e9cialiste en m\u00e9decine interne, professeure agr\u00e9g\u00e9e, Universit\u00e9 de Sherbrooke, chef de d\u00e9partement, m\u00e9decine sp\u00e9cialis\u00e9e,\u00a0 CISSS de la Mont\u00e9r\u00e9gie-Centre; Nathalie Boudreau, directrice-g\u00e9n\u00e9rale Fondation H\u00f4pital Charles-LeMoyne; Dr Jean-Martin Boulanger, MD, FRCPC, chef du Service de neurologie, H\u00f4pital Charles-LeMoyne, professeur agr\u00e9g\u00e9, Universit\u00e9 de Sherbrooke; Dre Catherine Martineau, MD, CMFC, professeure adjointe, Universit\u00e9 de Sherbrooke, directrice m\u00e9dicale GMF-U Charles-Le Moyne; Dr Mathieu Lanthier-Veilleux, MD, professeur adjoint, sp\u00e9cialiste en sant\u00e9 publique et m\u00e9decine pr\u00e9ventive de la Direction de sant\u00e9 publique de la Mont\u00e9r\u00e9gie<\/p><\/div>\n","protected":false},"excerpt":{"rendered":"<p>La Fondation H\u00f4pital Charles-LeMoyne est fi\u00e8re de souligner la grande implication de la Soci\u00e9t\u00e9 des m\u00e9decins de l\u2019Universit\u00e9 de Sherbrooke aupr\u00e8s de son organisation.\u00a0 Depuis 1992, plus de 200\u00a0000 $ ont \u00e9t\u00e9 remis par les m\u00e9decins pour la recherche.<\/p>\n","protected":false},"author":9,"featured_media":0,"comment_status":"open","ping_status":"closed","sticky":false,"template":"","format":"standard","meta":{"footnotes":""},"categories":[1],"tags":[],"_links":{"self":[{"href":"https:\/\/santemc.quebec\/icentre\/wp-json\/wp\/v2\/posts\/6196"}],"collection":[{"href":"https:\/\/santemc.quebec\/icentre\/wp-json\/wp\/v2\/posts"}],"about":[{"href":"https:\/\/santemc.quebec\/icentre\/wp-json\/wp\/v2\/types\/post"}],"author":[{"embeddable":true,"href":"https:\/\/santemc.quebec\/icentre\/wp-json\/wp\/v2\/users\/9"}],"replies":[{"embeddable":true,"href":"https:\/\/santemc.quebec\/icentre\/wp-json\/wp\/v2\/comments?post=6196"}],"version-history":[{"count":3,"href":"https:\/\/santemc.quebec\/icentre\/wp-json\/wp\/v2\/posts\/6196\/revisions"}],"predecessor-version":[{"id":6200,"href":"https:\/\/santemc.quebec\/icentre\/wp-json\/wp\/v2\/posts\/6196\/revisions\/6200"}],"wp:attachment":[{"href":"https:\/\/santemc.quebec\/icentre\/wp-json\/wp\/v2\/media?parent=6196"}],"wp:term":[{"taxonomy":"category","embeddable":true,"href":"https:\/\/santemc.quebec\/icentre\/wp-json\/wp\/v2\/categories?post=6196"},{"taxonomy":"post_tag","embeddable":true,"href":"https:\/\/santemc.quebec\/icentre\/wp-json\/wp\/v2\/tags?post=6196"}],"curies":[{"name":"wp","href":"https:\/\/api.w.org\/{rel}","templated":true}]}}