{"id":62,"date":"2015-04-02T14:48:39","date_gmt":"2015-04-02T13:48:39","guid":{"rendered":"http:\/\/santemc.quebec\/journal\/?p=62"},"modified":"2015-05-06T17:01:46","modified_gmt":"2015-05-06T16:01:46","slug":"nomination-dun-responsable-de-la-securite-civile-par-interim","status":"publish","type":"post","link":"https:\/\/santemc.quebec\/icentre\/nomination-dun-responsable-de-la-securite-civile-par-interim\/","title":{"rendered":"Nomination  d\u2019un Responsable de la s\u00e9curit\u00e9 civile par int\u00e9rim"},"content":{"rendered":"<p>Bonjour,<\/p>\n<p>Au lendemain de la mise en place des CISSS en Mont\u00e9r\u00e9gie, et, compte tenu de l\u2019importance des responsabilit\u00e9s relatives \u00e0 la S\u00e9curit\u00e9 civile, du niveau strat\u00e9gique de ce type d\u2019intervention, de m\u00eame que du caract\u00e8re urgent des situations en cause, un cadre sup\u00e9rieur doit assumer cette responsabilit\u00e9 en tout temps.<!--more--><\/p>\n<p>Ainsi, en attendant l\u2019\u00e9ventuelle nomination d\u2019un cadre sup\u00e9rieur qui sera responsable de ce dossier, je confie ce mandat \u00e0 madame Christine Daniel. Madame Daniel agira \u00e0 titre de Responsable de la s\u00e9curit\u00e9 civile par int\u00e9rim.<\/p>\n<p>\u00c0 ce titre, et avec les \u00e9quipes en place, elle assurera une coordination inter-CISSS, de m\u00eame que la fonction de Responsable de la s\u00e9curit\u00e9 civile par int\u00e9rim pour le CISSS de la Mont\u00e9r\u00e9gie-Centre. Monsieur Jean-Marc Breton continuera d\u2019assumer ses fonctions actuelles \u00e0 titre de coordonnateur r\u00e9gional.<\/p>\n<p>Madame Daniel a \u00e9t\u00e9 associ\u00e9e aux divers sinistres et situations d\u2019urgence v\u00e9cus dans la r\u00e9gion depuis huit ans. Elle conna\u00eet les divers interlocuteurs r\u00e9gionaux et gouvernementaux, ainsi que la Politique minist\u00e9rielle de s\u00e9curit\u00e9 civile \u2013 sant\u00e9 et services sociaux.<\/p>\n","protected":false},"excerpt":{"rendered":"<p>Bonjour, Au lendemain de la mise en place des CISSS en Mont\u00e9r\u00e9gie, et, compte tenu de l\u2019importance des responsabilit\u00e9s relatives \u00e0 la S\u00e9curit\u00e9 civile, du niveau strat\u00e9gique de ce type d\u2019intervention, de m\u00eame que du caract\u00e8re urgent des situations en &hellip; <a href=\"https:\/\/santemc.quebec\/icentre\/nomination-dun-responsable-de-la-securite-civile-par-interim\/\">Continuer la lecture <span class=\"meta-nav\">&rarr;<\/span><\/a><\/p>\n","protected":false},"author":1,"featured_media":0,"comment_status":"open","ping_status":"closed","sticky":false,"template":"","format":"standard","meta":{"footnotes":""},"categories":[2],"tags":[8],"_links":{"self":[{"href":"https:\/\/santemc.quebec\/icentre\/wp-json\/wp\/v2\/posts\/62"}],"collection":[{"href":"https:\/\/santemc.quebec\/icentre\/wp-json\/wp\/v2\/posts"}],"about":[{"href":"https:\/\/santemc.quebec\/icentre\/wp-json\/wp\/v2\/types\/post"}],"author":[{"embeddable":true,"href":"https:\/\/santemc.quebec\/icentre\/wp-json\/wp\/v2\/users\/1"}],"replies":[{"embeddable":true,"href":"https:\/\/santemc.quebec\/icentre\/wp-json\/wp\/v2\/comments?post=62"}],"version-history":[{"count":1,"href":"https:\/\/santemc.quebec\/icentre\/wp-json\/wp\/v2\/posts\/62\/revisions"}],"predecessor-version":[{"id":63,"href":"https:\/\/santemc.quebec\/icentre\/wp-json\/wp\/v2\/posts\/62\/revisions\/63"}],"wp:attachment":[{"href":"https:\/\/santemc.quebec\/icentre\/wp-json\/wp\/v2\/media?parent=62"}],"wp:term":[{"taxonomy":"category","embeddable":true,"href":"https:\/\/santemc.quebec\/icentre\/wp-json\/wp\/v2\/categories?post=62"},{"taxonomy":"post_tag","embeddable":true,"href":"https:\/\/santemc.quebec\/icentre\/wp-json\/wp\/v2\/tags?post=62"}],"curies":[{"name":"wp","href":"https:\/\/api.w.org\/{rel}","templated":true}]}}