{"id":6205,"date":"2018-02-01T15:06:46","date_gmt":"2018-02-01T20:06:46","guid":{"rendered":"http:\/\/santemc.quebec\/icentre\/?p=6205"},"modified":"2018-02-01T15:06:46","modified_gmt":"2018-02-01T20:06:46","slug":"semaine-de-prevention-du-suicide-trois-conferences-dans-nos-installations","status":"publish","type":"post","link":"https:\/\/santemc.quebec\/icentre\/semaine-de-prevention-du-suicide-trois-conferences-dans-nos-installations\/","title":{"rendered":"Semaine de pr\u00e9vention du suicide : trois conf\u00e9rences dans nos installations"},"content":{"rendered":"<p><a href=\"http:\/\/santemc.quebec\/santemc\/icentre\/wp-content\/uploads\/2018\/02\/images_suicide.png\"><img decoding=\"async\" loading=\"lazy\" class=\"size-medium wp-image-6206 alignleft\" src=\"http:\/\/santemc.quebec\/santemc\/icentre\/wp-content\/uploads\/2018\/02\/images_suicide-300x175.png\" alt=\"\" width=\"300\" height=\"175\" srcset=\"https:\/\/santemc.quebec\/santemc\/icentre\/wp-content\/uploads\/2018\/02\/images_suicide-300x175.png 300w, https:\/\/santemc.quebec\/santemc\/icentre\/wp-content\/uploads\/2018\/02\/images_suicide.png 450w\" sizes=\"(max-width: 300px) 100vw, 300px\" \/><\/a>Dans le cadre de la Semaine de pr\u00e9vention du suicide (du 4 au 10 f\u00e9vrier 2018), la Direction des programmes de sant\u00e9 mentale et d\u00e9pendance organise trois conf\u00e9rences destin\u00e9es aux employ\u00e9s et m\u00e9decins de l\u2019organisation.<\/p>\n<p><!--more--><\/p>\n<p><strong>Lundi 5 f\u00e9vrier, 12 h 05 \u00e0 13 h 05<br \/>\nH\u00f4pital du Haut-Richelieu, Amphith\u00e9\u00e2tre-B (50 places)<br \/>\n<\/strong>\u00ab\u00a0La pr\u00e9vention du suicide \u00e0 l\u2019\u00e8re du num\u00e9rique. \u00c9tat de la situation et recommandations.\u00a0\u00bb<\/p>\n<ul>\n<li>Carl-Maria M\u00f6rch, M.A. (ps), doctorant en psychologie, Universit\u00e9 du Qu\u00e9bec \u00e0 Montr\u00e9al (UQAM), membre du Centre de Recherche et d\u2019Intervention sur le Suicide et l\u2019Euthanasie (CRISE)<\/li>\n<li>Louis-Philippe C\u00f4t\u00e9, B. (ps), doctorant en psychologie, UQAM, membre du CRISE<\/li>\n<\/ul>\n<p><strong>Mardi 6 f\u00e9vrier, 12 h 05 \u00e0 13 h 05<br \/>\nH\u00f4pital Charles-Le Moyne, salle F0-0013 (20 places)<br \/>\n<\/strong>\u00ab\u00a0Traitement du suicide dans les m\u00e9dias d\u2019information : agir en pr\u00e9vention dans un contexte m\u00e9diatique en changement.\u00a0\u00bb<\/p>\n<ul>\n<li>J\u00e9r\u00f4me Gaudreault, directeur g\u00e9n\u00e9ral de l\u2019Association qu\u00e9b\u00e9coise de pr\u00e9vention du suicide (AQPS)<\/li>\n<li>Catherine Rioux, coordonnatrice des communications \u00e0 l\u2019AQPS<\/li>\n<\/ul>\n<p><strong>Mercredi 7 f\u00e9vrier, de 12 h 05 \u00e0 13 h 05<br \/>\nCLSC du Richelieu, salle 2101 (20 places)<br \/>\n<\/strong>\u00ab\u00a0Impact des s\u00e9ries t\u00e9l\u00e9vis\u00e9es sur la suicidalit\u00e9 \u00e0 l\u2019adolescence : \u00e9tat des connaissances et pistes d\u2019intervention aupr\u00e8s des parents et amis.\u00a0\u00bb<\/p>\n<ul>\n<li>Dre Johanne Renaud, M.D., M.Sc., FRCPC, psychiatre de l\u2019enfant et de l\u2019adolescent, professeure agr\u00e9g\u00e9e de psychiatrie, Universit\u00e9 McGill et chef m\u00e9dical du Programme de p\u00e9dopsychiatrie, Institut Douglas<\/li>\n<li>Nicolas Boucher, externe en m\u00e9decine, Universit\u00e9 de Montr\u00e9al<\/li>\n<\/ul>\n<p>Inscription et renseignements :<br \/>\n<a href=\"mailto:arouna.ekpa.cisssmc16@ssss.gouv.qc.ca\">arouna.ekpa.cisssmc16@ssss.gouv.qc.ca<\/a><br \/>\n450 462-5120, poste 6076<\/p>\n<p>Pour en savoir plus sur la Semaine de pr\u00e9vention du suicide\u00a0: <a href=\"http:\/\/www.commentparlerdusuicide.com\" target=\"_blank\" rel=\"noopener\">www.commentparlerdusuicide.com<\/a><\/p>\n<p>Si vous avez besoin d\u2019aide ou \u00eates inquiet pour un proche\u00a0: 1\u00a0866 APPELLE (277-3553)<\/p>\n","protected":false},"excerpt":{"rendered":"<p>Dans le cadre de la Semaine de pr\u00e9vention du suicide (du 4 au 10 f\u00e9vrier 2018), la Direction des programmes de sant\u00e9 mentale et d\u00e9pendance organise trois conf\u00e9rences destin\u00e9es aux employ\u00e9s et m\u00e9decins de l\u2019organisation.<\/p>\n","protected":false},"author":9,"featured_media":0,"comment_status":"open","ping_status":"closed","sticky":false,"template":"","format":"standard","meta":{"footnotes":""},"categories":[1],"tags":[],"_links":{"self":[{"href":"https:\/\/santemc.quebec\/icentre\/wp-json\/wp\/v2\/posts\/6205"}],"collection":[{"href":"https:\/\/santemc.quebec\/icentre\/wp-json\/wp\/v2\/posts"}],"about":[{"href":"https:\/\/santemc.quebec\/icentre\/wp-json\/wp\/v2\/types\/post"}],"author":[{"embeddable":true,"href":"https:\/\/santemc.quebec\/icentre\/wp-json\/wp\/v2\/users\/9"}],"replies":[{"embeddable":true,"href":"https:\/\/santemc.quebec\/icentre\/wp-json\/wp\/v2\/comments?post=6205"}],"version-history":[{"count":2,"href":"https:\/\/santemc.quebec\/icentre\/wp-json\/wp\/v2\/posts\/6205\/revisions"}],"predecessor-version":[{"id":6208,"href":"https:\/\/santemc.quebec\/icentre\/wp-json\/wp\/v2\/posts\/6205\/revisions\/6208"}],"wp:attachment":[{"href":"https:\/\/santemc.quebec\/icentre\/wp-json\/wp\/v2\/media?parent=6205"}],"wp:term":[{"taxonomy":"category","embeddable":true,"href":"https:\/\/santemc.quebec\/icentre\/wp-json\/wp\/v2\/categories?post=6205"},{"taxonomy":"post_tag","embeddable":true,"href":"https:\/\/santemc.quebec\/icentre\/wp-json\/wp\/v2\/tags?post=6205"}],"curies":[{"name":"wp","href":"https:\/\/api.w.org\/{rel}","templated":true}]}}