{"id":6385,"date":"2018-03-12T13:37:22","date_gmt":"2018-03-12T17:37:22","guid":{"rendered":"http:\/\/santemc.quebec\/icentre\/?p=6385"},"modified":"2018-03-12T13:38:36","modified_gmt":"2018-03-12T17:38:36","slug":"une-semaine-pour-celebrer-la-contribution-de-lorganisation-communautaire","status":"publish","type":"post","link":"https:\/\/santemc.quebec\/icentre\/une-semaine-pour-celebrer-la-contribution-de-lorganisation-communautaire\/","title":{"rendered":"Une semaine pour c\u00e9l\u00e9brer la contribution de l&rsquo;organisation communautaire"},"content":{"rendered":"<p>Du 11 au 17 mars 2018, c\u2019est la Semaine nationale de l\u2019organisation communautaire sous le th\u00e8me <strong>\u00ab\u00a0L\u2019OC, c\u2019est bon pour la sant\u00e9<\/strong> des personnes, des communaut\u00e9s, de toute la soci\u00e9t\u00e9\u00a0\u00bb. La sant\u00e9, ce n\u2019est pas seulement l\u2019absence de maladie ou une affaire individuelle, c\u2019est aussi un \u00e9tat influenc\u00e9 par plusieurs d\u00e9terminants sociaux sur lesquels l\u2019organisation communautaire (OC) contribue \u00e0 agir.<\/p>\n<p><!--more--><\/p>\n<p>En effet, depuis plus de quarante ans, les professionnels de l\u2019organisation communautaire du r\u00e9seau de la sant\u00e9 et des services sociaux contribuent au d\u00e9veloppement des communaut\u00e9s partout au Qu\u00e9bec. C\u2019est un fait maintenant bien \u00e9tabli, l\u2019am\u00e9lioration de la sant\u00e9 des populations passe par l\u2019am\u00e9lioration de leurs conditions de vie et l\u2019OC intervient, particuli\u00e8rement sur les d\u00e9terminants ayant une incidence sur la sant\u00e9 et le bien-\u00eatre des populations. Qu\u2019il s\u2019agisse de la pauvret\u00e9, de l\u2019exclusion et la marginalisation, de l\u2019environnement physique et social, du logement, du travail, du transport, de l\u2019\u00e9ducation et des habitudes de vie.<\/p>\n<p>Au CISSS de la Mont\u00e9r\u00e9gie-Centre, une \u00e9quipe de 11 organisatrices et organisateurs communautaires est d\u00e9ploy\u00e9e dans les deux RLS et travaille avec les organismes communautaires et les partenaires intersectoriels des milieux, ces forces vives qui permettent d\u2019agir en concertation et en compl\u00e9mentarit\u00e9, contribuant ainsi \u00e0 cr\u00e9er des conditions favorables \u00e0 la qualit\u00e9 de vie d\u2019une communaut\u00e9 et \u00e0 soutenir son d\u00e9veloppement. Au cours de la derni\u00e8re ann\u00e9e, dans cette r\u00e9gion, le service d\u2019organisation communautaire a accompagn\u00e9 plus de 30 lieux de concertation, a offert son soutien aux organismes communautaires, a travaill\u00e9 en concertation avec les municipalit\u00e9s et milieux scolaires. L\u2019OC est intervenue, notamment, dans des domaines aussi vari\u00e9s que la lutte \u00e0 la pauvret\u00e9, la pers\u00e9v\u00e9rance scolaire et la valorisation de l\u2019\u00e9ducation, le soutien \u00e0 domicile et les proches aidants.<\/p>\n<p><strong>Saviez-vous que?<\/strong><\/p>\n<p>La pratique de l\u2019OC s\u2019actualise \u00e0 travers quatre axes d\u2019intervention :<\/p>\n<ul>\n<li><strong>Dans le renforcement du pouvoir d\u2019agir des personnes et des communaut\u00e9s<\/strong>, en offrant, notamment, un soutien professionnel aux organismes communautaires;<\/li>\n<li><strong>Dans la construction de<\/strong> <strong>partenariats<\/strong> en soutenant les lieux de concertation permettant ainsi aux divers acteurs de d\u00e9velopper une vision partag\u00e9e et de poursuivre des objectifs communs;<\/li>\n<li><strong>Dans le d\u00e9veloppement local et des communaut\u00e9s <\/strong>en favorisant une connaissance des forces et des besoins des communaut\u00e9s et la participation des citoyens et citoyennes;<\/li>\n<li><strong>Dans la mise en \u0153uvre des programmes de sant\u00e9 publique et de services <\/strong>en contribuant \u00e0 l\u2019identification de strat\u00e9gies d\u2019intervention efficaces visant l\u2019am\u00e9lioration de la sant\u00e9 et du bien-\u00eatre des populations et la r\u00e9duction des in\u00e9galit\u00e9s sociales de sant\u00e9.<\/li>\n<\/ul>\n<p>Ainsi, l\u2019OC contribue significativement \u00e0 agir sur les d\u00e9terminants sociaux de la sant\u00e9 et \u00e0 rapprocher les services des \u00e9tablissements de sant\u00e9 et de services sociaux des communaut\u00e9s locales. Cette pratique soutient aussi l\u2019exercice de la responsabilit\u00e9 populationnelle d\u00e9volue aux CISSS\/CIUSSS, entre autres, en mobilisant et concertant les acteurs des milieux autour de pr\u00e9occupations et d\u2019objectifs communs.<\/p>\n<p>Cette ann\u00e9e, durant cette semaine nationale de l\u2019organisation communautaire dans les \u00e9tablissements de sant\u00e9 et de services sociaux partout au Qu\u00e9bec, c\u00e9l\u00e9brons la contribution de l\u2019OC \u00e0 la sant\u00e9 des personnes, des communaut\u00e9s et de toute la soci\u00e9t\u00e9!<\/p>\n<p><a href=\"http:\/\/santemc.quebec\/santemc\/icentre\/wp-content\/uploads\/2018\/03\/Semaine-SNOC-OC-CCLM.pdf\" target=\"_blank\" rel=\"noopener\">Calendrier de la Semaine nationale de l&rsquo;organisation communautaire (RLS de Champlain)<\/a><\/p>\n<p><a href=\"http:\/\/santemc.quebec\/santemc\/icentre\/wp-content\/uploads\/2018\/03\/Semaine-SNOC-OC-HRR.pdf\" target=\"_blank\" rel=\"noopener\">Calendrier de la Semaine nationale de l&rsquo;organisation communautaire (RLS du Haut-Richelieu-Rouville)<\/a><\/p>\n<p>&nbsp;<\/p>\n","protected":false},"excerpt":{"rendered":"<p>Du 11 au 17 mars 2018, c\u2019est la Semaine nationale de l\u2019organisation communautaire sous le th\u00e8me \u00ab\u00a0L\u2019OC, c\u2019est bon pour la sant\u00e9 des personnes, des communaut\u00e9s, de toute la soci\u00e9t\u00e9\u00a0\u00bb. La sant\u00e9, ce n\u2019est pas seulement l\u2019absence de maladie ou &hellip; <a href=\"https:\/\/santemc.quebec\/icentre\/une-semaine-pour-celebrer-la-contribution-de-lorganisation-communautaire\/\">Continuer la lecture <span class=\"meta-nav\">&rarr;<\/span><\/a><\/p>\n","protected":false},"author":9,"featured_media":0,"comment_status":"open","ping_status":"closed","sticky":false,"template":"","format":"standard","meta":{"footnotes":""},"categories":[1],"tags":[],"_links":{"self":[{"href":"https:\/\/santemc.quebec\/icentre\/wp-json\/wp\/v2\/posts\/6385"}],"collection":[{"href":"https:\/\/santemc.quebec\/icentre\/wp-json\/wp\/v2\/posts"}],"about":[{"href":"https:\/\/santemc.quebec\/icentre\/wp-json\/wp\/v2\/types\/post"}],"author":[{"embeddable":true,"href":"https:\/\/santemc.quebec\/icentre\/wp-json\/wp\/v2\/users\/9"}],"replies":[{"embeddable":true,"href":"https:\/\/santemc.quebec\/icentre\/wp-json\/wp\/v2\/comments?post=6385"}],"version-history":[{"count":3,"href":"https:\/\/santemc.quebec\/icentre\/wp-json\/wp\/v2\/posts\/6385\/revisions"}],"predecessor-version":[{"id":6390,"href":"https:\/\/santemc.quebec\/icentre\/wp-json\/wp\/v2\/posts\/6385\/revisions\/6390"}],"wp:attachment":[{"href":"https:\/\/santemc.quebec\/icentre\/wp-json\/wp\/v2\/media?parent=6385"}],"wp:term":[{"taxonomy":"category","embeddable":true,"href":"https:\/\/santemc.quebec\/icentre\/wp-json\/wp\/v2\/categories?post=6385"},{"taxonomy":"post_tag","embeddable":true,"href":"https:\/\/santemc.quebec\/icentre\/wp-json\/wp\/v2\/tags?post=6385"}],"curies":[{"name":"wp","href":"https:\/\/api.w.org\/{rel}","templated":true}]}}