{"id":64,"date":"2015-04-08T14:50:14","date_gmt":"2015-04-08T13:50:14","guid":{"rendered":"http:\/\/santemc.quebec\/journal\/?p=64"},"modified":"2015-05-06T17:01:46","modified_gmt":"2015-05-06T16:01:46","slug":"structure-organisationnelle-et-affichage-des-postes-de-cadres-superieurs-et-hors-cadre","status":"publish","type":"post","link":"https:\/\/santemc.quebec\/icentre\/structure-organisationnelle-et-affichage-des-postes-de-cadres-superieurs-et-hors-cadre\/","title":{"rendered":"Structure organisationnelle et affichage des postes de cadres sup\u00e9rieurs et  hors-cadre"},"content":{"rendered":"<p>Bonjour,<\/p>\n<p>La structure organisationnelle pour le CISSS de la Mont\u00e9r\u00e9gie-Centre est maintenant connue. Nous pouvons donc proc\u00e9der \u00e0 l\u2019affichage des postes de cadres sup\u00e9rieurs et hors-cadre.<\/p>\n<p>Dans les prochains jours, le poste de directeur g\u00e9n\u00e9ral adjoint et plusieurs postes de cadres sup\u00e9rieurs seront affich\u00e9s pour notre \u00e9tablissement.<\/p>\n<p>&nbsp;<\/p>\n","protected":false},"excerpt":{"rendered":"<p>Bonjour, La structure organisationnelle pour le CISSS de la Mont\u00e9r\u00e9gie-Centre est maintenant connue. Nous pouvons donc proc\u00e9der \u00e0 l\u2019affichage des postes de cadres sup\u00e9rieurs et hors-cadre. Dans les prochains jours, le poste de directeur g\u00e9n\u00e9ral adjoint et plusieurs postes de &hellip; <a href=\"https:\/\/santemc.quebec\/icentre\/structure-organisationnelle-et-affichage-des-postes-de-cadres-superieurs-et-hors-cadre\/\">Continuer la lecture <span class=\"meta-nav\">&rarr;<\/span><\/a><\/p>\n","protected":false},"author":1,"featured_media":0,"comment_status":"open","ping_status":"closed","sticky":false,"template":"","format":"standard","meta":{"footnotes":""},"categories":[2],"tags":[8],"_links":{"self":[{"href":"https:\/\/santemc.quebec\/icentre\/wp-json\/wp\/v2\/posts\/64"}],"collection":[{"href":"https:\/\/santemc.quebec\/icentre\/wp-json\/wp\/v2\/posts"}],"about":[{"href":"https:\/\/santemc.quebec\/icentre\/wp-json\/wp\/v2\/types\/post"}],"author":[{"embeddable":true,"href":"https:\/\/santemc.quebec\/icentre\/wp-json\/wp\/v2\/users\/1"}],"replies":[{"embeddable":true,"href":"https:\/\/santemc.quebec\/icentre\/wp-json\/wp\/v2\/comments?post=64"}],"version-history":[{"count":1,"href":"https:\/\/santemc.quebec\/icentre\/wp-json\/wp\/v2\/posts\/64\/revisions"}],"predecessor-version":[{"id":65,"href":"https:\/\/santemc.quebec\/icentre\/wp-json\/wp\/v2\/posts\/64\/revisions\/65"}],"wp:attachment":[{"href":"https:\/\/santemc.quebec\/icentre\/wp-json\/wp\/v2\/media?parent=64"}],"wp:term":[{"taxonomy":"category","embeddable":true,"href":"https:\/\/santemc.quebec\/icentre\/wp-json\/wp\/v2\/categories?post=64"},{"taxonomy":"post_tag","embeddable":true,"href":"https:\/\/santemc.quebec\/icentre\/wp-json\/wp\/v2\/tags?post=64"}],"curies":[{"name":"wp","href":"https:\/\/api.w.org\/{rel}","templated":true}]}}