{"id":6491,"date":"2018-03-26T10:09:58","date_gmt":"2018-03-26T14:09:58","guid":{"rendered":"http:\/\/santemc.quebec\/icentre\/?p=6491"},"modified":"2018-03-26T10:09:58","modified_gmt":"2018-03-26T14:09:58","slug":"tournee-2018-doperation-enfant-soleil-au-tour-de-lhopital-charles-le-moyne-et-de-linstitut-nazareth-et-louis-braille-de-recevoir-des-octrois","status":"publish","type":"post","link":"https:\/\/santemc.quebec\/icentre\/tournee-2018-doperation-enfant-soleil-au-tour-de-lhopital-charles-le-moyne-et-de-linstitut-nazareth-et-louis-braille-de-recevoir-des-octrois\/","title":{"rendered":"Tourn\u00e9e 2018 d\u2019Op\u00e9ration Enfant Soleil : au tour de l\u2019H\u00f4pital Charles-Le Moyne et de l\u2019Institut Nazareth et Louis-Braille de recevoir des octrois!"},"content":{"rendered":"<div id=\"attachment_6492\" style=\"width: 310px\" class=\"wp-caption alignleft\"><a href=\"http:\/\/santemc.quebec\/santemc\/icentre\/wp-content\/uploads\/2018\/03\/OES_INLB.jpg\"><img aria-describedby=\"caption-attachment-6492\" decoding=\"async\" loading=\"lazy\" class=\"size-medium wp-image-6492\" src=\"http:\/\/santemc.quebec\/santemc\/icentre\/wp-content\/uploads\/2018\/03\/OES_INLB-300x169.jpg\" alt=\"\" width=\"300\" height=\"169\" srcset=\"https:\/\/santemc.quebec\/santemc\/icentre\/wp-content\/uploads\/2018\/03\/OES_INLB-300x169.jpg 300w, https:\/\/santemc.quebec\/santemc\/icentre\/wp-content\/uploads\/2018\/03\/OES_INLB-768x433.jpg 768w, https:\/\/santemc.quebec\/santemc\/icentre\/wp-content\/uploads\/2018\/03\/OES_INLB-1024x578.jpg 1024w, https:\/\/santemc.quebec\/santemc\/icentre\/wp-content\/uploads\/2018\/03\/OES_INLB-500x282.jpg 500w, https:\/\/santemc.quebec\/santemc\/icentre\/wp-content\/uploads\/2018\/03\/OES_INLB.jpg 1914w\" sizes=\"(max-width: 300px) 100vw, 300px\" \/><\/a><p id=\"caption-attachment-6492\" class=\"wp-caption-text\">De gauche \u00e0 droite : Jean-Fran\u00e7ois Breau; Sylvie Bilodeau, directrice des programmes DI-TSA, DV et DP du CISSS; Sylvie Auclair, coordonnatrice des services de r\u00e9adaptation en d\u00e9ficience visuelle du CISSS; Jean Reeves, pr\u00e9sident du CA de la Fondation En Vue de l&rsquo;INLB;<br \/>Genevi\u00e8ve B\u00e9nard, coordonnatrice de la collecte de fonds de la Fondation En Vue de l&rsquo;INLB et<br \/>Marie-\u00c8ve Janvier<\/p><\/div>\n<p>Le dernier arr\u00eat de la tourn\u00e9e d\u2019Op\u00e9ration Enfant Soleil avait lieu, le mercredi 20 mars dernier, \u00e0 l\u2019H\u00f4pital Pierre-Boucher de Longueuil. Durant la conf\u00e9rence de presse anim\u00e9e par Marie-\u00c8ve Janvier et Jean-Fran\u00e7ois Breau, l\u2019Institut Nazareth et Louis-Braille s\u2019est vu remettre un montant de 7\u00a0610 $ pour l&rsquo;achat de 15 chartes de mesure d&rsquo;acuit\u00e9. Ces \u00e9quipements serviront \u00e0 \u00e9valuer avec une grande pr\u00e9cision les aptitudes visuelles des enfants avec ou sans handicap associ\u00e9. Ensuite, l\u2019H\u00f4pital Charles-Le Moyne a re\u00e7u un octroi de 13\u00a0709 $ qui servira \u00e0 acheter un tire-lait, un chariot p\u00e9diatrique de r\u00e9animation ainsi qu\u2019une table d\u2019examen p\u00e9diatrique.<\/p>\n<p><!--more--><\/p>\n<p>Ces octrois, additionn\u00e9s \u00e0 celui re\u00e7u par l\u2019H\u00f4pital du Haut-Richelieu le 14 mars dernier, repr\u00e9sentent un total de 48\u00a0091 $ offerts au CISSS de la Mont\u00e9r\u00e9gie-Centre par Op\u00e9ration Enfant Soleil en 2018. Ces octrois sont rendus possibles entre autres gr\u00e2ce \u00e0 l\u2019important travail r\u00e9alis\u00e9 par les Fondations du CISSS. Merci \u00e0 la Fondation Sant\u00e9 du Haut-Richelieu\u2014Rouville, \u00e0 la Fondation En vue de l\u2019INLB et \u00e0 la Fondation H\u00f4pital Charles-LeMoyne!<\/p>\n<div id=\"attachment_6493\" style=\"width: 310px\" class=\"wp-caption alignright\"><a href=\"http:\/\/santemc.quebec\/santemc\/icentre\/wp-content\/uploads\/2018\/03\/OES_HCLM.jpg\"><img aria-describedby=\"caption-attachment-6493\" decoding=\"async\" loading=\"lazy\" class=\"size-medium wp-image-6493\" src=\"http:\/\/santemc.quebec\/santemc\/icentre\/wp-content\/uploads\/2018\/03\/OES_HCLM-300x172.jpg\" alt=\"\" width=\"300\" height=\"172\" srcset=\"https:\/\/santemc.quebec\/santemc\/icentre\/wp-content\/uploads\/2018\/03\/OES_HCLM-300x172.jpg 300w, https:\/\/santemc.quebec\/santemc\/icentre\/wp-content\/uploads\/2018\/03\/OES_HCLM-768x441.jpg 768w, https:\/\/santemc.quebec\/santemc\/icentre\/wp-content\/uploads\/2018\/03\/OES_HCLM-1024x587.jpg 1024w, https:\/\/santemc.quebec\/santemc\/icentre\/wp-content\/uploads\/2018\/03\/OES_HCLM-500x287.jpg 500w, https:\/\/santemc.quebec\/santemc\/icentre\/wp-content\/uploads\/2018\/03\/OES_HCLM.jpg 1909w\" sizes=\"(max-width: 300px) 100vw, 300px\" \/><\/a><p id=\"caption-attachment-6493\" class=\"wp-caption-text\">De gauche \u00e0 droite : Jean-Fran\u00e7ois Breau; Julie Goudreault, directrice des programmes jeunesse du CISSS; Danielle Allaire, coordonnatrice p\u00e9rinatalit\u00e9\u2013p\u00e9diatrie du CISSS; Matin St-Pierre, chef de l\u2019unit\u00e9 de p\u00e9diatrie de l\u2019H\u00f4pital Charles-Le Moyne; Sophie Blouin, directrice du d\u00e9veloppement de la Fondation H\u00f4pital Charles-LeMoyne et Marie-\u00c8ve Janvier<\/p><\/div>\n","protected":false},"excerpt":{"rendered":"<p>Le dernier arr\u00eat de la tourn\u00e9e d\u2019Op\u00e9ration Enfant Soleil avait lieu, le mercredi 20 mars dernier, \u00e0 l\u2019H\u00f4pital Pierre-Boucher de Longueuil. Durant la conf\u00e9rence de presse anim\u00e9e par Marie-\u00c8ve Janvier et Jean-Fran\u00e7ois Breau, l\u2019Institut Nazareth et Louis-Braille s\u2019est vu remettre &hellip; <a href=\"https:\/\/santemc.quebec\/icentre\/tournee-2018-doperation-enfant-soleil-au-tour-de-lhopital-charles-le-moyne-et-de-linstitut-nazareth-et-louis-braille-de-recevoir-des-octrois\/\">Continuer la lecture <span class=\"meta-nav\">&rarr;<\/span><\/a><\/p>\n","protected":false},"author":9,"featured_media":0,"comment_status":"open","ping_status":"closed","sticky":false,"template":"","format":"standard","meta":{"footnotes":""},"categories":[1],"tags":[],"_links":{"self":[{"href":"https:\/\/santemc.quebec\/icentre\/wp-json\/wp\/v2\/posts\/6491"}],"collection":[{"href":"https:\/\/santemc.quebec\/icentre\/wp-json\/wp\/v2\/posts"}],"about":[{"href":"https:\/\/santemc.quebec\/icentre\/wp-json\/wp\/v2\/types\/post"}],"author":[{"embeddable":true,"href":"https:\/\/santemc.quebec\/icentre\/wp-json\/wp\/v2\/users\/9"}],"replies":[{"embeddable":true,"href":"https:\/\/santemc.quebec\/icentre\/wp-json\/wp\/v2\/comments?post=6491"}],"version-history":[{"count":1,"href":"https:\/\/santemc.quebec\/icentre\/wp-json\/wp\/v2\/posts\/6491\/revisions"}],"predecessor-version":[{"id":6494,"href":"https:\/\/santemc.quebec\/icentre\/wp-json\/wp\/v2\/posts\/6491\/revisions\/6494"}],"wp:attachment":[{"href":"https:\/\/santemc.quebec\/icentre\/wp-json\/wp\/v2\/media?parent=6491"}],"wp:term":[{"taxonomy":"category","embeddable":true,"href":"https:\/\/santemc.quebec\/icentre\/wp-json\/wp\/v2\/categories?post=6491"},{"taxonomy":"post_tag","embeddable":true,"href":"https:\/\/santemc.quebec\/icentre\/wp-json\/wp\/v2\/tags?post=6491"}],"curies":[{"name":"wp","href":"https:\/\/api.w.org\/{rel}","templated":true}]}}