{"id":6502,"date":"2018-03-26T15:28:07","date_gmt":"2018-03-26T19:28:07","guid":{"rendered":"http:\/\/santemc.quebec\/icentre\/?p=6502"},"modified":"2018-03-26T15:37:37","modified_gmt":"2018-03-26T19:37:37","slug":"bulletin-periscope-pres-dun-monteregien-sur-six-est-fortement-derange-par-le-bruit-copy-copy-copy-copy-copy-copy-copy-copy","status":"publish","type":"post","link":"https:\/\/santemc.quebec\/icentre\/bulletin-periscope-pres-dun-monteregien-sur-six-est-fortement-derange-par-le-bruit-copy-copy-copy-copy-copy-copy-copy-copy\/","title":{"rendered":"Bulletin P\u00e9riscope &#8211; Le trouble du spectre de l&rsquo;autisme : un nombre toujours en croissance"},"content":{"rendered":"<p><img decoding=\"async\" loading=\"lazy\" class=\"aligncenter wp-image-2877 size-full\" src=\"http:\/\/santemc.quebec\/santemc\/icentre\/wp-content\/uploads\/2016\/09\/periscope.png\" alt=\"periscope\" width=\"789\" height=\"163\" srcset=\"https:\/\/santemc.quebec\/santemc\/icentre\/wp-content\/uploads\/2016\/09\/periscope.png 789w, https:\/\/santemc.quebec\/santemc\/icentre\/wp-content\/uploads\/2016\/09\/periscope-300x62.png 300w, https:\/\/santemc.quebec\/santemc\/icentre\/wp-content\/uploads\/2016\/09\/periscope-768x159.png 768w, https:\/\/santemc.quebec\/santemc\/icentre\/wp-content\/uploads\/2016\/09\/periscope-500x103.png 500w\" sizes=\"(max-width: 789px) 100vw, 789px\" \/><\/p>\n<p>Avril est le mois de l\u2019autisme et le 2 avril est la Journ\u00e9e mondiale de sensibilisation \u00e0 l\u2019autisme permettant ainsi de mieux informer le public sur les r\u00e9alit\u00e9s de ce trouble. Le trouble du spectre de l\u2019autisme (TSA) touche pr\u00e8s de 4 500 jeunes Mont\u00e9r\u00e9giens lesquels pr\u00e9sentent divers probl\u00e8mes de sant\u00e9. Pour en savoir davantage sur les tendances actuelles dans la r\u00e9gion et certaines caract\u00e9ristiques des personnes autistes, vous \u00eates invit\u00e9s \u00e0 consulter le\u00a0<a href=\"http:\/\/santemc.quebec\/santemc\/icentre\/wp-content\/uploads\/2018\/03\/PeriscopeTSA-1.pdf\" target=\"_blank\" rel=\"noopener\">bulletin P\u00e9riscope de ce mois-ci.<\/a><!--more--><\/p>\n<p>&nbsp;<\/p>\n","protected":false},"excerpt":{"rendered":"<p>Avril est le mois de l\u2019autisme et le 2 avril est la Journ\u00e9e mondiale de sensibilisation \u00e0 l\u2019autisme permettant ainsi de mieux informer le public sur les r\u00e9alit\u00e9s de ce trouble. Le trouble du spectre de l\u2019autisme (TSA) touche pr\u00e8s &hellip; <a href=\"https:\/\/santemc.quebec\/icentre\/bulletin-periscope-pres-dun-monteregien-sur-six-est-fortement-derange-par-le-bruit-copy-copy-copy-copy-copy-copy-copy-copy\/\">Continuer la lecture <span class=\"meta-nav\">&rarr;<\/span><\/a><\/p>\n","protected":false},"author":1,"featured_media":0,"comment_status":"open","ping_status":"closed","sticky":false,"template":"","format":"standard","meta":{"footnotes":""},"categories":[1],"tags":[44],"_links":{"self":[{"href":"https:\/\/santemc.quebec\/icentre\/wp-json\/wp\/v2\/posts\/6502"}],"collection":[{"href":"https:\/\/santemc.quebec\/icentre\/wp-json\/wp\/v2\/posts"}],"about":[{"href":"https:\/\/santemc.quebec\/icentre\/wp-json\/wp\/v2\/types\/post"}],"author":[{"embeddable":true,"href":"https:\/\/santemc.quebec\/icentre\/wp-json\/wp\/v2\/users\/1"}],"replies":[{"embeddable":true,"href":"https:\/\/santemc.quebec\/icentre\/wp-json\/wp\/v2\/comments?post=6502"}],"version-history":[{"count":5,"href":"https:\/\/santemc.quebec\/icentre\/wp-json\/wp\/v2\/posts\/6502\/revisions"}],"predecessor-version":[{"id":6509,"href":"https:\/\/santemc.quebec\/icentre\/wp-json\/wp\/v2\/posts\/6502\/revisions\/6509"}],"wp:attachment":[{"href":"https:\/\/santemc.quebec\/icentre\/wp-json\/wp\/v2\/media?parent=6502"}],"wp:term":[{"taxonomy":"category","embeddable":true,"href":"https:\/\/santemc.quebec\/icentre\/wp-json\/wp\/v2\/categories?post=6502"},{"taxonomy":"post_tag","embeddable":true,"href":"https:\/\/santemc.quebec\/icentre\/wp-json\/wp\/v2\/tags?post=6502"}],"curies":[{"name":"wp","href":"https:\/\/api.w.org\/{rel}","templated":true}]}}