{"id":6526,"date":"2018-03-27T15:33:47","date_gmt":"2018-03-27T19:33:47","guid":{"rendered":"http:\/\/santemc.quebec\/icentre\/?p=6526"},"modified":"2018-03-27T15:34:13","modified_gmt":"2018-03-27T19:34:13","slug":"comprendre-conseiller-accompagner","status":"publish","type":"post","link":"https:\/\/santemc.quebec\/icentre\/comprendre-conseiller-accompagner\/","title":{"rendered":"Comprendre, conseiller, accompagner!"},"content":{"rendered":"<p><a href=\"http:\/\/santemc.quebec\/santemc\/icentre\/wp-content\/uploads\/2018\/03\/d-2898_affiche_13000.jpg\"><img decoding=\"async\" loading=\"lazy\" class=\"size-medium wp-image-6527 alignleft\" src=\"http:\/\/santemc.quebec\/santemc\/icentre\/wp-content\/uploads\/2018\/03\/d-2898_affiche_13000-213x300.jpg\" alt=\"\" width=\"213\" height=\"300\" srcset=\"https:\/\/santemc.quebec\/santemc\/icentre\/wp-content\/uploads\/2018\/03\/d-2898_affiche_13000-213x300.jpg 213w, https:\/\/santemc.quebec\/santemc\/icentre\/wp-content\/uploads\/2018\/03\/d-2898_affiche_13000-768x1083.jpg 768w, https:\/\/santemc.quebec\/santemc\/icentre\/wp-content\/uploads\/2018\/03\/d-2898_affiche_13000-726x1024.jpg 726w, https:\/\/santemc.quebec\/santemc\/icentre\/wp-content\/uploads\/2018\/03\/d-2898_affiche_13000.jpg 851w\" sizes=\"(max-width: 213px) 100vw, 213px\" \/><\/a>Du 25 au 31 mars 2018, c\u2019est la Semaine des travailleurs sociaux (TS) du Qu\u00e9bec. La th\u00e9matique de cette semaine annuelle est : le social, \u00e7a se travaille! Effectivement, le social se travaille au quotidien, puisqu\u2019il est au c\u0153ur de l\u2019analyse et de l\u2019intervention des travailleurs sociaux, dans chacun de leurs gestes. Ces professionnels impliqu\u00e9s font une diff\u00e9rence positive aupr\u00e8s des usagers. Le CISSS de la Mont\u00e9r\u00e9gie-Centre est fier de compter parmi ses rangs pas moins de 275 travailleuses sociales et travailleurs sociaux.<\/p>\n<p><!--more--><\/p>\n<p><strong>Comment d\u00e9finir un travailleur social?<br \/>\n<\/strong>Les valeurs pr\u00e9conis\u00e9es par les TS sont, entre autres, de respecter la dignit\u00e9, de favoriser la justice sociale ainsi que de croire aux capacit\u00e9s de changement et de prendre ses propres d\u00e9cisions. Leur expertise se d\u00e9cline dans de multiples champs de pratique, notamment aupr\u00e8s des enfants, des familles, des a\u00een\u00e9s, en contexte rural et urbain, en p\u00e9riode de crise ou dans le cadre d&rsquo;interventions prolong\u00e9es, en individuel, en groupe et m\u00eame aupr\u00e8s de communaut\u00e9s. Les travailleurs sociaux occupent de nombreux r\u00f4les, dont \u00e9valuer la situation sociale v\u00e9cue par l\u2019usager en lien avec la maladie, travailler avec l\u2019usager \u00e0 l\u2019atteinte de ses objectifs en collaboration avec l\u2019\u00e9quipe m\u00e9dicale et son r\u00e9seau social ainsi que diriger l\u2019usager vers les services appropri\u00e9s. Au sein de notre organisation, les TS \u0153uvrent en collaboration avec des professionnels de diff\u00e9rents secteurs d\u2019activit\u00e9s cliniques. Leurs interventions sont ancr\u00e9es dans la vie des gens et produisent des r\u00e9sultats concrets. En cette semaine des travailleurs sociaux, n\u2019h\u00e9sitez pas \u00e0 profiter de cette occasion pour leur t\u00e9moigner votre appr\u00e9ciation.<\/p>\n","protected":false},"excerpt":{"rendered":"<p>Du 25 au 31 mars 2018, c\u2019est la Semaine des travailleurs sociaux (TS) du Qu\u00e9bec. La th\u00e9matique de cette semaine annuelle est : le social, \u00e7a se travaille! Effectivement, le social se travaille au quotidien, puisqu\u2019il est au c\u0153ur de &hellip; <a href=\"https:\/\/santemc.quebec\/icentre\/comprendre-conseiller-accompagner\/\">Continuer la lecture <span class=\"meta-nav\">&rarr;<\/span><\/a><\/p>\n","protected":false},"author":9,"featured_media":0,"comment_status":"open","ping_status":"closed","sticky":false,"template":"","format":"standard","meta":{"footnotes":""},"categories":[1],"tags":[],"_links":{"self":[{"href":"https:\/\/santemc.quebec\/icentre\/wp-json\/wp\/v2\/posts\/6526"}],"collection":[{"href":"https:\/\/santemc.quebec\/icentre\/wp-json\/wp\/v2\/posts"}],"about":[{"href":"https:\/\/santemc.quebec\/icentre\/wp-json\/wp\/v2\/types\/post"}],"author":[{"embeddable":true,"href":"https:\/\/santemc.quebec\/icentre\/wp-json\/wp\/v2\/users\/9"}],"replies":[{"embeddable":true,"href":"https:\/\/santemc.quebec\/icentre\/wp-json\/wp\/v2\/comments?post=6526"}],"version-history":[{"count":1,"href":"https:\/\/santemc.quebec\/icentre\/wp-json\/wp\/v2\/posts\/6526\/revisions"}],"predecessor-version":[{"id":6528,"href":"https:\/\/santemc.quebec\/icentre\/wp-json\/wp\/v2\/posts\/6526\/revisions\/6528"}],"wp:attachment":[{"href":"https:\/\/santemc.quebec\/icentre\/wp-json\/wp\/v2\/media?parent=6526"}],"wp:term":[{"taxonomy":"category","embeddable":true,"href":"https:\/\/santemc.quebec\/icentre\/wp-json\/wp\/v2\/categories?post=6526"},{"taxonomy":"post_tag","embeddable":true,"href":"https:\/\/santemc.quebec\/icentre\/wp-json\/wp\/v2\/tags?post=6526"}],"curies":[{"name":"wp","href":"https:\/\/api.w.org\/{rel}","templated":true}]}}