{"id":6575,"date":"2018-04-12T13:33:53","date_gmt":"2018-04-12T17:33:53","guid":{"rendered":"http:\/\/santemc.quebec\/icentre\/?p=6575"},"modified":"2018-04-12T13:33:53","modified_gmt":"2018-04-12T17:33:53","slug":"professionnels-de-tous-horizons-collaborons","status":"publish","type":"post","link":"https:\/\/santemc.quebec\/icentre\/professionnels-de-tous-horizons-collaborons\/","title":{"rendered":"Professionnels de tous horizons, collaborons!"},"content":{"rendered":"<p><a href=\"http:\/\/santemc.quebec\/santemc\/icentre\/wp-content\/uploads\/2018\/04\/Collaboration-2-visages.png\"><img decoding=\"async\" loading=\"lazy\" class=\"size-full wp-image-6576 alignleft\" src=\"http:\/\/santemc.quebec\/santemc\/icentre\/wp-content\/uploads\/2018\/04\/Collaboration-2-visages.png\" alt=\"\" width=\"244\" height=\"188\" \/><\/a>Cette ann\u00e9e, le CISSS de la Mont\u00e9r\u00e9gie-Centre a entrepris un projet pilote en lien avec l\u2019actualisation de l\u2019approche de collaboration interprofessionnelle (CIP) aupr\u00e8s de certains groupes d\u2019employ\u00e9s du soutien \u00e0 domicile du CLSC Samuel-de-Champlain et de trois GMF. De plus, sept communaut\u00e9s de pratique issues du R\u00e9seau int\u00e9gr\u00e9 de coordination et soutien \u00e0 la pratique professionnelle (RICSPP) de la Direction des services multidisciplinaires et de la Direction des soins infirmiers ont re\u00e7u une formation sur la CIP.<\/p>\n<p><!--more--><\/p>\n<p>D\u2019une dur\u00e9e de trois heures, cette formation est offerte par une professeure de l\u2019Universit\u00e9 Laval rattach\u00e9e au R\u00e9seau de collaboration sur les pratiques interprofessionnelles (RCPI). La formation est ax\u00e9e sur le d\u00e9veloppement des comp\u00e9tences suivantes : la clarification des r\u00f4les, la r\u00e9solution de conflits interprofessionnels, le travail d\u2019\u00e9quipe efficace ainsi que le leadership collaboratif. Une \u00e9valuation de la premi\u00e8re phase de cette d\u00e9marche permettra de peaufiner la formation afin de l\u2019offrir graduellement \u00e0 d\u2019autres secteurs d\u2019activit\u00e9s de notre organisation au cours des prochaines ann\u00e9es.<\/p>\n<p><strong>Qu\u2019est-ce que la collaboration interprofessionnelle?<\/strong><br \/>\nLa collaboration interprofessionnelle (CIP) est un travail de concertation qui n\u00e9cessite la prise en consid\u00e9ration des besoins bio-psycho-sociaux de la personne, de ses proches ou de la communaut\u00e9. Le nombre de professionnels impliqu\u00e9s varie selon la complexit\u00e9 des besoins de l\u2019usager.<\/p>\n<p>Cette approche permet \u00e0 l\u2019\u00e9quipe clinique, en partenariat avec l\u2019usager et ses proches, de d\u00e9velopper des processus de travail efficaces qui permettent l\u2019atteinte de r\u00e9sultats optimaux en mati\u00e8re de sant\u00e9 et de services sociaux. Les avantages de la collaboration interprofessionnelle sont multiples, autant pour les professionnels que les usagers. Du c\u00f4t\u00e9 des professionnels, on obtient un meilleur taux d\u2019efficacit\u00e9, le niveau de r\u00e9tention au sein d\u2019une \u00e9quipe est am\u00e9lior\u00e9 et le r\u00f4le de chaque membre s\u2019en trouve valoris\u00e9. Gr\u00e2ce \u00e0 cette collaboration, l\u2019usager b\u00e9n\u00e9ficie d\u2019informations consolid\u00e9es, d\u2019une approche personnalis\u00e9e en plus d\u2019assurer une meilleure compr\u00e9hension du continuum de soins qui lui est propos\u00e9.<\/p>\n","protected":false},"excerpt":{"rendered":"<p>Cette ann\u00e9e, le CISSS de la Mont\u00e9r\u00e9gie-Centre a entrepris un projet pilote en lien avec l\u2019actualisation de l\u2019approche de collaboration interprofessionnelle (CIP) aupr\u00e8s de certains groupes d\u2019employ\u00e9s du soutien \u00e0 domicile du CLSC Samuel-de-Champlain et de trois GMF. De plus, &hellip; <a href=\"https:\/\/santemc.quebec\/icentre\/professionnels-de-tous-horizons-collaborons\/\">Continuer la lecture <span class=\"meta-nav\">&rarr;<\/span><\/a><\/p>\n","protected":false},"author":9,"featured_media":0,"comment_status":"open","ping_status":"closed","sticky":false,"template":"","format":"standard","meta":{"footnotes":""},"categories":[1],"tags":[],"_links":{"self":[{"href":"https:\/\/santemc.quebec\/icentre\/wp-json\/wp\/v2\/posts\/6575"}],"collection":[{"href":"https:\/\/santemc.quebec\/icentre\/wp-json\/wp\/v2\/posts"}],"about":[{"href":"https:\/\/santemc.quebec\/icentre\/wp-json\/wp\/v2\/types\/post"}],"author":[{"embeddable":true,"href":"https:\/\/santemc.quebec\/icentre\/wp-json\/wp\/v2\/users\/9"}],"replies":[{"embeddable":true,"href":"https:\/\/santemc.quebec\/icentre\/wp-json\/wp\/v2\/comments?post=6575"}],"version-history":[{"count":1,"href":"https:\/\/santemc.quebec\/icentre\/wp-json\/wp\/v2\/posts\/6575\/revisions"}],"predecessor-version":[{"id":6577,"href":"https:\/\/santemc.quebec\/icentre\/wp-json\/wp\/v2\/posts\/6575\/revisions\/6577"}],"wp:attachment":[{"href":"https:\/\/santemc.quebec\/icentre\/wp-json\/wp\/v2\/media?parent=6575"}],"wp:term":[{"taxonomy":"category","embeddable":true,"href":"https:\/\/santemc.quebec\/icentre\/wp-json\/wp\/v2\/categories?post=6575"},{"taxonomy":"post_tag","embeddable":true,"href":"https:\/\/santemc.quebec\/icentre\/wp-json\/wp\/v2\/tags?post=6575"}],"curies":[{"name":"wp","href":"https:\/\/api.w.org\/{rel}","templated":true}]}}