{"id":6598,"date":"2018-04-16T15:22:11","date_gmt":"2018-04-16T19:22:11","guid":{"rendered":"http:\/\/santemc.quebec\/icentre\/?p=6598"},"modified":"2018-04-16T15:24:11","modified_gmt":"2018-04-16T19:24:11","slug":"semaine-de-laction-benevole-merci-a-vous","status":"publish","type":"post","link":"https:\/\/santemc.quebec\/icentre\/semaine-de-laction-benevole-merci-a-vous\/","title":{"rendered":"Semaine de l\u2019action b\u00e9n\u00e9vole \u2013 Merci \u00e0 vous!"},"content":{"rendered":"<p>Madame,<br \/>\nMonsieur,<\/p>\n<p>L&rsquo;\u00e9dition 2018 de la Semaine de l&rsquo;action b\u00e9n\u00e9vole se d\u00e9roule du 15 au 21 avril. Pour notre organisation, il s&rsquo;agit d&rsquo;un moment privil\u00e9gi\u00e9 de souligner la contribution inestimable et l&rsquo;engagement de plusieurs centaines de b\u00e9n\u00e9voles r\u00e9partis dans nos installations.<\/p>\n<p><!--more--><\/p>\n<p>L&rsquo;altruisme de nos b\u00e9n\u00e9voles\u00a0rayonne au quotidien, alors qu&rsquo;ils donnent de leur temps, partagent leurs comp\u00e9tences, leur exp\u00e9rience et leur passion pour aider autrui. Leurs actions contribuent \u00e0 humaniser les soins et services que nous offrons. Anim\u00e9s par leur vocation, nombreux d&rsquo;entre eux soutiennent\u00a0qu&rsquo;ils re\u00e7oivent plus qu&rsquo;ils ne donnent. Une preuve tangible que donner est un plaisir qui se partage.<\/p>\n<p>Le b\u00e9n\u00e9volat est une richesse pour tous. Profitons de cette semaine pour donner \u00e0 notre tour en remerciant ceux qui \u0153uvrent autour de nous.<\/p>\n<p>En mon nom personnel et au nom\u00a0des membres de la direction, merci \u00e0 tous nos pr\u00e9cieux b\u00e9n\u00e9voles!<\/p>\n<p>Richard Deschamps<br \/>\nPr\u00e9sident-directeur g\u00e9n\u00e9ral<\/p>\n","protected":false},"excerpt":{"rendered":"<p>Madame, Monsieur, L&rsquo;\u00e9dition 2018 de la Semaine de l&rsquo;action b\u00e9n\u00e9vole se d\u00e9roule du 15 au 21 avril. Pour notre organisation, il s&rsquo;agit d&rsquo;un moment privil\u00e9gi\u00e9 de souligner la contribution inestimable et l&rsquo;engagement de plusieurs centaines de b\u00e9n\u00e9voles r\u00e9partis dans nos &hellip; <a href=\"https:\/\/santemc.quebec\/icentre\/semaine-de-laction-benevole-merci-a-vous\/\">Continuer la lecture <span class=\"meta-nav\">&rarr;<\/span><\/a><\/p>\n","protected":false},"author":9,"featured_media":0,"comment_status":"open","ping_status":"closed","sticky":false,"template":"","format":"standard","meta":{"footnotes":""},"categories":[1],"tags":[],"_links":{"self":[{"href":"https:\/\/santemc.quebec\/icentre\/wp-json\/wp\/v2\/posts\/6598"}],"collection":[{"href":"https:\/\/santemc.quebec\/icentre\/wp-json\/wp\/v2\/posts"}],"about":[{"href":"https:\/\/santemc.quebec\/icentre\/wp-json\/wp\/v2\/types\/post"}],"author":[{"embeddable":true,"href":"https:\/\/santemc.quebec\/icentre\/wp-json\/wp\/v2\/users\/9"}],"replies":[{"embeddable":true,"href":"https:\/\/santemc.quebec\/icentre\/wp-json\/wp\/v2\/comments?post=6598"}],"version-history":[{"count":3,"href":"https:\/\/santemc.quebec\/icentre\/wp-json\/wp\/v2\/posts\/6598\/revisions"}],"predecessor-version":[{"id":6601,"href":"https:\/\/santemc.quebec\/icentre\/wp-json\/wp\/v2\/posts\/6598\/revisions\/6601"}],"wp:attachment":[{"href":"https:\/\/santemc.quebec\/icentre\/wp-json\/wp\/v2\/media?parent=6598"}],"wp:term":[{"taxonomy":"category","embeddable":true,"href":"https:\/\/santemc.quebec\/icentre\/wp-json\/wp\/v2\/categories?post=6598"},{"taxonomy":"post_tag","embeddable":true,"href":"https:\/\/santemc.quebec\/icentre\/wp-json\/wp\/v2\/tags?post=6598"}],"curies":[{"name":"wp","href":"https:\/\/api.w.org\/{rel}","templated":true}]}}