{"id":66,"date":"2015-04-08T14:51:14","date_gmt":"2015-04-08T13:51:14","guid":{"rendered":"http:\/\/santemc.quebec\/journal\/?p=66"},"modified":"2015-05-06T17:01:46","modified_gmt":"2015-05-06T16:01:46","slug":"nomination-de-la-directrice-des-soins-infirmiers","status":"publish","type":"post","link":"https:\/\/santemc.quebec\/icentre\/nomination-de-la-directrice-des-soins-infirmiers\/","title":{"rendered":"Nomination de la directrice des soins infirmiers"},"content":{"rendered":"<p>Bonjour,<\/p>\n<p>Le 1<sup>er<\/sup> avril, je vous ai inform\u00e9 que j\u2019avais proc\u00e9d\u00e9 \u00e0 une dizaine de nominations importantes, de fa\u00e7on int\u00e9rimaire, afin d\u2019assurer la poursuite des activit\u00e9s et le bon fonctionnement du nouveau CISSS.<!--more--><\/p>\n<p>Aujourd\u2019hui, je suis en mesure de confirmer la nomination de Mme Lise Pouliot \u00e0 titre de directrice des soins infirmiers. Mme Pouliot assumera ces fonctions en plus de ses responsabilit\u00e9s de pr\u00e9sidente-directrice g\u00e9n\u00e9rale adjointe.<\/p>\n<p>Titulaire d\u2019une ma\u00eetrise en sciences infirmi\u00e8res et d\u2019une ma\u00eetrise en informatique de gestion, madame Pouliot a cumul\u00e9 plusieurs ann\u00e9es d\u2019exp\u00e9rience en tant que gestionnaire dans le r\u00e9seau, notamment comme directrice associ\u00e9e aux soins infirmiers \u00e0 l\u2019H\u00f4pital g\u00e9n\u00e9ral juif, de m\u00eame qu\u2019au Centre universitaire de sant\u00e9 McGill (CUSM). Elle a par ailleurs \u00e9t\u00e9 directrice g\u00e9n\u00e9rale du Centre de sant\u00e9 et de services sociaux (CSSS) de la C\u00f4te-de-Gasp\u00e9 de 2009 \u00e0 2012 puis du CSSS Richelieu-Yamaska de 2012 \u00e0 2015, cumulant \u00e9galement la responsabilit\u00e9 de directrice g\u00e9n\u00e9rale par int\u00e9rim au CSSS Haut-Richelieu-Rouville, dans la derni\u00e8re ann\u00e9e.<\/p>\n<p>Je la remercie d\u2019accepter ces importantes responsabilit\u00e9s.<\/p>\n","protected":false},"excerpt":{"rendered":"<p>Bonjour, Le 1er avril, je vous ai inform\u00e9 que j\u2019avais proc\u00e9d\u00e9 \u00e0 une dizaine de nominations importantes, de fa\u00e7on int\u00e9rimaire, afin d\u2019assurer la poursuite des activit\u00e9s et le bon fonctionnement du nouveau CISSS.<\/p>\n","protected":false},"author":1,"featured_media":0,"comment_status":"open","ping_status":"closed","sticky":false,"template":"","format":"standard","meta":{"footnotes":""},"categories":[2],"tags":[8],"_links":{"self":[{"href":"https:\/\/santemc.quebec\/icentre\/wp-json\/wp\/v2\/posts\/66"}],"collection":[{"href":"https:\/\/santemc.quebec\/icentre\/wp-json\/wp\/v2\/posts"}],"about":[{"href":"https:\/\/santemc.quebec\/icentre\/wp-json\/wp\/v2\/types\/post"}],"author":[{"embeddable":true,"href":"https:\/\/santemc.quebec\/icentre\/wp-json\/wp\/v2\/users\/1"}],"replies":[{"embeddable":true,"href":"https:\/\/santemc.quebec\/icentre\/wp-json\/wp\/v2\/comments?post=66"}],"version-history":[{"count":1,"href":"https:\/\/santemc.quebec\/icentre\/wp-json\/wp\/v2\/posts\/66\/revisions"}],"predecessor-version":[{"id":67,"href":"https:\/\/santemc.quebec\/icentre\/wp-json\/wp\/v2\/posts\/66\/revisions\/67"}],"wp:attachment":[{"href":"https:\/\/santemc.quebec\/icentre\/wp-json\/wp\/v2\/media?parent=66"}],"wp:term":[{"taxonomy":"category","embeddable":true,"href":"https:\/\/santemc.quebec\/icentre\/wp-json\/wp\/v2\/categories?post=66"},{"taxonomy":"post_tag","embeddable":true,"href":"https:\/\/santemc.quebec\/icentre\/wp-json\/wp\/v2\/tags?post=66"}],"curies":[{"name":"wp","href":"https:\/\/api.w.org\/{rel}","templated":true}]}}