{"id":6607,"date":"2018-04-18T11:00:34","date_gmt":"2018-04-18T15:00:34","guid":{"rendered":"http:\/\/santemc.quebec\/icentre\/?p=6607"},"modified":"2018-04-18T14:00:48","modified_gmt":"2018-04-18T18:00:48","slug":"cotoyer-des-oeuvres-dart-au-quotidien","status":"publish","type":"post","link":"https:\/\/santemc.quebec\/icentre\/cotoyer-des-oeuvres-dart-au-quotidien\/","title":{"rendered":"C\u00f4toyer des \u0153uvres d\u2019art au quotidien"},"content":{"rendered":"<div id=\"attachment_6608\" style=\"width: 310px\" class=\"wp-caption alignleft\"><a href=\"http:\/\/santemc.quebec\/santemc\/icentre\/wp-content\/uploads\/2018\/04\/oeuvre_HCLM_exterieur.jpg\"><img aria-describedby=\"caption-attachment-6608\" decoding=\"async\" loading=\"lazy\" class=\"wp-image-6608 size-medium\" src=\"http:\/\/santemc.quebec\/santemc\/icentre\/wp-content\/uploads\/2018\/04\/oeuvre_HCLM_exterieur-300x211.jpg\" alt=\"\" width=\"300\" height=\"211\" srcset=\"https:\/\/santemc.quebec\/santemc\/icentre\/wp-content\/uploads\/2018\/04\/oeuvre_HCLM_exterieur-300x211.jpg 300w, https:\/\/santemc.quebec\/santemc\/icentre\/wp-content\/uploads\/2018\/04\/oeuvre_HCLM_exterieur-427x300.jpg 427w, https:\/\/santemc.quebec\/santemc\/icentre\/wp-content\/uploads\/2018\/04\/oeuvre_HCLM_exterieur.jpg 740w\" sizes=\"(max-width: 300px) 100vw, 300px\" \/><\/a><p id=\"caption-attachment-6608\" class=\"wp-caption-text\">L&rsquo;oeuvre intitul\u00e9e Gen\u00e8se de l&rsquo;artiste Nicolas Baier est situ\u00e9e \u00e0 l&rsquo;H\u00f4pital Charles-Le Moyne.<\/p><\/div>\n<p>Que vous travailliez \u00e0 l\u2019H\u00f4pital, en CLSC ou en CHSLD, il est tr\u00e8s probable que vous croisiez chaque jour des \u0153uvres d\u2019art. Suspendues au plafond, int\u00e9gr\u00e9es au sol ou install\u00e9es sur les murs, parfois sculptures imposantes ou d\u00e9licates mosa\u00efques, les \u0153uvres d\u2019art r\u00e9alis\u00e9es en vertu de la<em> Politique d&rsquo;int\u00e9gration des arts \u00e0 l&rsquo;architecture et \u00e0 l&rsquo;environnement, <\/em>aussi appel\u00e9e la \u00ab\u00a0politique du 1 %\u00a0\u00bb, font partie int\u00e9grante de plusieurs de nos installations.<\/p>\n<p><!--more--><\/p>\n<p><strong>Nouvelles \u0153uvres d\u2019art dans nos deux h\u00f4pitaux<br \/>\n<\/strong>Avec la r\u00e9alisation des projets d\u2019agrandissement de nos deux h\u00f4pitaux, de nouvelles \u0153uvres d\u2019art ont fait leur apparition \u00e0 l\u2019int\u00e9rieur et \u00e0 l\u2019ext\u00e9rieur des b\u00e2timents.<\/p>\n<p>\u00c0 l\u2019H\u00f4pital Charles-Le Moyne, deux \u0153uvres contemporaines ont \u00e9t\u00e9 int\u00e9gr\u00e9es \u00e0 l\u2019installation depuis bient\u00f4t un an, dans le cadre de la construction de la nouvelle urgence. La premi\u00e8re \u0153uvre intitul\u00e9e <em>Gen\u00e8se<\/em> a \u00e9t\u00e9 cr\u00e9\u00e9e par l\u2019artiste Nicolas Baier et se trouve \u00e0 l\u2019ext\u00e9rieure de l\u2019H\u00f4pital, sous la marquise de l\u2019entr\u00e9e. D\u2019inspiration scientifique, cette structure m\u00e9tallique constitue une repr\u00e9sentation en une infime fraction de seconde du boson de Higgs.<\/p>\n<div style=\"width: 100%; float: left;\">\n<div style=\"width: 50%; float: left;\">\n<div id=\"attachment_6609\" style=\"width: 310px\" class=\"wp-caption alignleft\"><a href=\"http:\/\/santemc.quebec\/santemc\/icentre\/wp-content\/uploads\/2018\/04\/oeuvre-art-interieur-HCLM.jpg\"><img aria-describedby=\"caption-attachment-6609\" decoding=\"async\" loading=\"lazy\" class=\"wp-image-6609 size-medium\" src=\"http:\/\/santemc.quebec\/santemc\/icentre\/wp-content\/uploads\/2018\/04\/oeuvre-art-interieur-HCLM-300x199.jpg\" alt=\"\" width=\"300\" height=\"199\" srcset=\"https:\/\/santemc.quebec\/santemc\/icentre\/wp-content\/uploads\/2018\/04\/oeuvre-art-interieur-HCLM-300x199.jpg 300w, https:\/\/santemc.quebec\/santemc\/icentre\/wp-content\/uploads\/2018\/04\/oeuvre-art-interieur-HCLM-768x511.jpg 768w, https:\/\/santemc.quebec\/santemc\/icentre\/wp-content\/uploads\/2018\/04\/oeuvre-art-interieur-HCLM-1024x681.jpg 1024w, https:\/\/santemc.quebec\/santemc\/icentre\/wp-content\/uploads\/2018\/04\/oeuvre-art-interieur-HCLM-451x300.jpg 451w, https:\/\/santemc.quebec\/santemc\/icentre\/wp-content\/uploads\/2018\/04\/oeuvre-art-interieur-HCLM.jpg 1280w\" sizes=\"(max-width: 300px) 100vw, 300px\" \/><\/a><p id=\"caption-attachment-6609\" class=\"wp-caption-text\">L&rsquo;artiste Joseph Branco pose devant sa cr\u00e9ation situ\u00e9e dans la salle d&rsquo;attente de l&rsquo;urgence de l&rsquo;H\u00f4pital Charles-Le Moyne.<\/p><\/div>\n<\/div>\n<div style=\"width: 50%; float: left;\">\n<p>&nbsp;<\/p>\n<p>La deuxi\u00e8me \u0153uvre intitul\u00e9e <em>Vignes\/Jardins<\/em> est situ\u00e9e \u00e0 l\u2019int\u00e9rieur de la nouvelle salle d\u2019attente de l\u2019urgence. La cr\u00e9ation de l\u2019artiste Joseph Branco est une grande fresque sur verre qui repr\u00e9sente des vignes explosant de couleurs vives, arpentant tout le mur, du plancher jusqu\u2019au plafond.<\/p>\n<\/div>\n<\/div>\n<div style=\"width: 100%; float: left;\"><\/div>\n<div style=\"width: 100%; float: left;\">\n<div style=\"width: 50%; float: left;\">\n<div id=\"attachment_6610\" style=\"width: 352px\" class=\"wp-caption alignnone\"><a href=\"http:\/\/santemc.quebec\/santemc\/icentre\/wp-content\/uploads\/2018\/04\/oeuvre-art-HHR_exterieur.jpg\"><img aria-describedby=\"caption-attachment-6610\" decoding=\"async\" loading=\"lazy\" class=\"wp-image-6610\" src=\"http:\/\/santemc.quebec\/santemc\/icentre\/wp-content\/uploads\/2018\/04\/oeuvre-art-HHR_exterieur-300x225.jpg\" alt=\"\" width=\"342\" height=\"260\" \/><\/a><p id=\"caption-attachment-6610\" class=\"wp-caption-text\">La sculpture intitul\u00e9e La mue partenaire est install\u00e9e pr\u00e8s de la nouvelle aile de l&rsquo;H\u00f4pital du Haut-Richelieu.<\/p><\/div>\n<\/div>\n<div style=\"width: 50%; float: left;\">\n<p>&nbsp;<\/p>\n<p>Du c\u00f4t\u00e9 de l\u2019H\u00f4pital du Haut-Richelieu, l\u2019\u0153uvre en deux temps de l\u2019artiste Marie-France Bri\u00e8re intitul\u00e9e <em>La mue partenaire<\/em> a \u00e9t\u00e9 int\u00e9gr\u00e9e au projet d\u2019agrandissement majeur en d\u00e9cembre et janvier derniers. La partie de la sculpture situ\u00e9e \u00e0 l\u2019ext\u00e9rieur, pr\u00e8s de la rue McMillan, tire son inspiration du <em>stent<\/em>, un tuteur vasculaire utilis\u00e9 pour emp\u00eacher l\u2019affaissement ou le blocage des art\u00e8res.<\/p>\n<\/div>\n<\/div>\n<div style=\"width: 100%; float: left;\"><\/div>\n<div style=\"width: 100%; float: left;\">\n<div style=\"width: 50%; float: left;\">\n<div id=\"attachment_6612\" style=\"width: 262px\" class=\"wp-caption alignleft\"><a href=\"http:\/\/santemc.quebec\/santemc\/icentre\/wp-content\/uploads\/2018\/04\/oeuvre-art-HHR_interieur.jpg\"><img aria-describedby=\"caption-attachment-6612\" decoding=\"async\" loading=\"lazy\" class=\"wp-image-6612\" src=\"http:\/\/santemc.quebec\/santemc\/icentre\/wp-content\/uploads\/2018\/04\/oeuvre-art-HHR_interieur-225x300.jpg\" alt=\"\" width=\"252\" height=\"329\" \/><\/a><p id=\"caption-attachment-6612\" class=\"wp-caption-text\">Voici la partie int\u00e9rieure de l&rsquo;oeuvre La mue partenaire.<\/p><\/div>\n<\/div>\n<div style=\"width: 50%; float: left;\">\n<p>&nbsp;<\/p>\n<p>&nbsp;<\/p>\n<p>L\u2019autre partie de la sculpture situ\u00e9e \u00e0 l\u2019int\u00e9rieur de la nouvelle aile se veut un rappel de l\u2019\u0153uvre ext\u00e9rieure en sugg\u00e9rant des fragments de la partie principale.<\/p>\n<\/div>\n<\/div>\n<p>&nbsp;<\/p>\n<p><strong>Qu\u2019est-ce que la politique du 1 %?<br \/>\n<\/strong><\/p>\n<p>En 1961, le Qu\u00e9bec a adopt\u00e9 une mesure gouvernementale consistant \u00e0 r\u00e9server un certain pourcentage du budget de construction d\u2019un b\u00e2timent public \u00e0 la r\u00e9alisation d\u2019\u0153uvres d\u2019art pr\u00e9cis\u00e9ment con\u00e7ues pour celui-ci, c\u2019est-\u00e0-dire qui tiennent compte de son architecture, de ses espaces int\u00e9rieurs ou de son environnement, de la vocation des lieux et du type d\u2019usagers.<\/p>\n<p>Depuis 1981, la mesure s\u2019applique \u00e0 tous les projets de construction de plus de 150\u00a0000\u00a0$ entrepris par le gouvernement, ses minist\u00e8res et organismes, ainsi que par les personnes ou autres organismes subventionn\u00e9s par l\u2019\u00c9tat pour des projets d\u2019immobilisation. Jusqu\u2019\u00e0 ce jour, la <em>Politique d\u2019int\u00e9gration des arts \u00e0 l\u2019architecture et \u00e0 l\u2019environnement<\/em> a g\u00e9n\u00e9r\u00e9 plus de 3\u00a0800 \u0153uvres qui sont accessibles \u00e0 tous les Qu\u00e9b\u00e9cois, et ce, aux quatre coins de la province.<\/p>\n<p><strong>Pour en savoir plus sur l\u2019art du 1 % \u00a0:<\/strong> Un article int\u00e9ressant a \u00e9t\u00e9 publi\u00e9 sur ce sujet dans le magazine <em>Voir<\/em> le 20 d\u00e9cembre 2017\u00a0: <a href=\"https:\/\/voir.ca\/arts-visuels\/2017\/12\/20\/la-politique-du-1-richesse-collective\/\" target=\"_blank\" rel=\"noopener\">https:\/\/voir.ca\/arts-visuels\/2017\/12\/20\/la-politique-du-1-richesse-collective\/<\/a><\/p>\n<p>[huge_it_slider id=\u00a0\u00bb21&Prime;]<\/p>\n<p>&nbsp;<\/p>\n","protected":false},"excerpt":{"rendered":"<p>Que vous travailliez \u00e0 l\u2019H\u00f4pital, en CLSC ou en CHSLD, il est tr\u00e8s probable que vous croisiez chaque jour des \u0153uvres d\u2019art. Suspendues au plafond, int\u00e9gr\u00e9es au sol ou install\u00e9es sur les murs, parfois sculptures imposantes ou d\u00e9licates mosa\u00efques, les &hellip; <a href=\"https:\/\/santemc.quebec\/icentre\/cotoyer-des-oeuvres-dart-au-quotidien\/\">Continuer la lecture <span class=\"meta-nav\">&rarr;<\/span><\/a><\/p>\n","protected":false},"author":9,"featured_media":0,"comment_status":"open","ping_status":"closed","sticky":false,"template":"","format":"standard","meta":{"footnotes":""},"categories":[1],"tags":[],"_links":{"self":[{"href":"https:\/\/santemc.quebec\/icentre\/wp-json\/wp\/v2\/posts\/6607"}],"collection":[{"href":"https:\/\/santemc.quebec\/icentre\/wp-json\/wp\/v2\/posts"}],"about":[{"href":"https:\/\/santemc.quebec\/icentre\/wp-json\/wp\/v2\/types\/post"}],"author":[{"embeddable":true,"href":"https:\/\/santemc.quebec\/icentre\/wp-json\/wp\/v2\/users\/9"}],"replies":[{"embeddable":true,"href":"https:\/\/santemc.quebec\/icentre\/wp-json\/wp\/v2\/comments?post=6607"}],"version-history":[{"count":39,"href":"https:\/\/santemc.quebec\/icentre\/wp-json\/wp\/v2\/posts\/6607\/revisions"}],"predecessor-version":[{"id":6655,"href":"https:\/\/santemc.quebec\/icentre\/wp-json\/wp\/v2\/posts\/6607\/revisions\/6655"}],"wp:attachment":[{"href":"https:\/\/santemc.quebec\/icentre\/wp-json\/wp\/v2\/media?parent=6607"}],"wp:term":[{"taxonomy":"category","embeddable":true,"href":"https:\/\/santemc.quebec\/icentre\/wp-json\/wp\/v2\/categories?post=6607"},{"taxonomy":"post_tag","embeddable":true,"href":"https:\/\/santemc.quebec\/icentre\/wp-json\/wp\/v2\/tags?post=6607"}],"curies":[{"name":"wp","href":"https:\/\/api.w.org\/{rel}","templated":true}]}}