{"id":6656,"date":"2018-04-19T14:01:01","date_gmt":"2018-04-19T18:01:01","guid":{"rendered":"http:\/\/santemc.quebec\/icentre\/?p=6656"},"modified":"2018-04-19T14:01:01","modified_gmt":"2018-04-19T18:01:01","slug":"premiere-rencontre-annuelle-des-equipes-de-sante-au-travail-de-la-direction-de-sante-publique-de-la-monteregie","status":"publish","type":"post","link":"https:\/\/santemc.quebec\/icentre\/premiere-rencontre-annuelle-des-equipes-de-sante-au-travail-de-la-direction-de-sante-publique-de-la-monteregie\/","title":{"rendered":"Premi\u00e8re rencontre annuelle des \u00e9quipes de sant\u00e9 au travail de la Direction de sant\u00e9 publique de la Mont\u00e9r\u00e9gie"},"content":{"rendered":"<div id=\"attachment_6657\" style=\"width: 310px\" class=\"wp-caption alignleft\"><a href=\"http:\/\/santemc.quebec\/santemc\/icentre\/wp-content\/uploads\/2018\/04\/photo1santeautravail.jpg\"><img aria-describedby=\"caption-attachment-6657\" decoding=\"async\" loading=\"lazy\" class=\"size-medium wp-image-6657\" src=\"http:\/\/santemc.quebec\/santemc\/icentre\/wp-content\/uploads\/2018\/04\/photo1santeautravail-300x225.jpg\" alt=\"\" width=\"300\" height=\"225\" srcset=\"https:\/\/santemc.quebec\/santemc\/icentre\/wp-content\/uploads\/2018\/04\/photo1santeautravail-300x225.jpg 300w, https:\/\/santemc.quebec\/santemc\/icentre\/wp-content\/uploads\/2018\/04\/photo1santeautravail-768x576.jpg 768w, https:\/\/santemc.quebec\/santemc\/icentre\/wp-content\/uploads\/2018\/04\/photo1santeautravail-1024x768.jpg 1024w, https:\/\/santemc.quebec\/santemc\/icentre\/wp-content\/uploads\/2018\/04\/photo1santeautravail-400x300.jpg 400w, https:\/\/santemc.quebec\/santemc\/icentre\/wp-content\/uploads\/2018\/04\/photo1santeautravail.jpg 1280w\" sizes=\"(max-width: 300px) 100vw, 300px\" \/><\/a><p id=\"caption-attachment-6657\" class=\"wp-caption-text\">Les membres du comit\u00e9 organisateur de la journ\u00e9e<\/p><\/div>\n<p>La semaine derni\u00e8re, toutes les \u00e9quipes de sant\u00e9 au travail de la Mont\u00e9r\u00e9gie \u00e9taient r\u00e9unies pour assister au bilan de la derni\u00e8re ann\u00e9e et participer \u00e0 des activit\u00e9s de formation. Il s\u2019agissait d\u2019une premi\u00e8re mise en commun depuis l\u2019int\u00e9gration des 95\u00a0intervenants, m\u00e9decins et membres du personnel de soutien\u00a0des \u00e9quipes de sant\u00e9 au travail des trois CISSS de la Mont\u00e9r\u00e9gie \u00e0 la Direction de sant\u00e9 publique, en juin dernier.<\/p>\n<p><!--more--><\/p>\n<div>\n<p>En matin\u00e9e, l\u2019\u00e9quipe a pu constater l\u2019immense chemin parcouru en ergonomie depuis le d\u00e9but des ann\u00e9es 2000. Elle a \u00e9galement pu saisir les progr\u00e8s accomplis pour r\u00e9duire de trois \u00e0 moins d\u2019une journ\u00e9e le temps d\u2019attente pour les femmes d\u00e9sirant avoir acc\u00e8s au programme <em>Maternit\u00e9 sans danger<\/em>. De plus, un travail de mise en commun a permis d\u2019uniformiser les recommandations faites aux femmes enceintes et \u00e0 leurs employeurs \u00e0 l\u2019\u00e9chelle de la Mont\u00e9r\u00e9gie.<\/p>\n<p>Au cours de l\u2019apr\u00e8s-midi, Dre Manon Blackburn a dress\u00e9 le portrait de la sant\u00e9 des travailleurs r\u00e9v\u00e9l\u00e9 par l\u2019Enqu\u00eate qu\u00e9b\u00e9coise sur la sant\u00e9 de la population. Dans ce portrait, on constate notamment que les troubles musculo-squelettiques sont en hausse et qu\u2019un travailleur sur cinq se dit victime de harc\u00e8lement psychologique au travail.<\/p>\n<p>Question de se projeter vers l\u2019avenir, Denys Denis, de l\u2019Institut de recherche Robert-Sauv\u00e9 en sant\u00e9 et s\u00e9curit\u00e9 au travail, a pr\u00e9sent\u00e9 des moyens novateurs d\u2019enseigner comment pr\u00e9venir les accidents chez les manutentionnaires. Un programme informatique permet \u00e0 des avatars (personnages virtuels anim\u00e9s dans un genre de jeu vid\u00e9o) d&rsquo;illustrer l\u2019impact pour le corps humain de soulever et de transporter des poids pour d\u00e9montrer comment forcer sans se blesser.<\/p>\n<p>Finalement, Val\u00e9rie Lemieux, de la Direction de sant\u00e9 publique de Montr\u00e9al, a pr\u00e9sent\u00e9 une conf\u00e9rence sur l&rsquo;importance de la litt\u00e9ratie en sant\u00e9 pour mieux communiquer avec les client\u00e8les servies par les \u00e9quipes de sant\u00e9 au travail.<\/p>\n<p>Cette premi\u00e8re rencontre fut un r\u00e9el succ\u00e8s qu&rsquo;il faudra reprendre l&rsquo;ann\u00e9e prochaine!<\/p>\n<div id=\"attachment_6659\" style=\"width: 310px\" class=\"wp-caption aligncenter\"><a href=\"http:\/\/santemc.quebec\/santemc\/icentre\/wp-content\/uploads\/2018\/04\/photocsanteautravail.jpg\"><img aria-describedby=\"caption-attachment-6659\" decoding=\"async\" loading=\"lazy\" class=\"size-medium wp-image-6659\" src=\"http:\/\/santemc.quebec\/santemc\/icentre\/wp-content\/uploads\/2018\/04\/photocsanteautravail-300x300.jpg\" alt=\"\" width=\"300\" height=\"300\" srcset=\"https:\/\/santemc.quebec\/santemc\/icentre\/wp-content\/uploads\/2018\/04\/photocsanteautravail-300x300.jpg 300w, https:\/\/santemc.quebec\/santemc\/icentre\/wp-content\/uploads\/2018\/04\/photocsanteautravail-150x150.jpg 150w, https:\/\/santemc.quebec\/santemc\/icentre\/wp-content\/uploads\/2018\/04\/photocsanteautravail-768x768.jpg 768w, https:\/\/santemc.quebec\/santemc\/icentre\/wp-content\/uploads\/2018\/04\/photocsanteautravail-1024x1024.jpg 1024w, https:\/\/santemc.quebec\/santemc\/icentre\/wp-content\/uploads\/2018\/04\/photocsanteautravail.jpg 1280w\" sizes=\"(max-width: 300px) 100vw, 300px\" \/><\/a><p id=\"caption-attachment-6659\" class=\"wp-caption-text\">Les membres de l\u2019\u00e9quipe de sant\u00e9 au travail de la Direction de sant\u00e9 publique de la Mont\u00e9r\u00e9gie<\/p><\/div>\n<\/div>\n","protected":false},"excerpt":{"rendered":"<p>La semaine derni\u00e8re, toutes les \u00e9quipes de sant\u00e9 au travail de la Mont\u00e9r\u00e9gie \u00e9taient r\u00e9unies pour assister au bilan de la derni\u00e8re ann\u00e9e et participer \u00e0 des activit\u00e9s de formation. Il s\u2019agissait d\u2019une premi\u00e8re mise en commun depuis l\u2019int\u00e9gration des &hellip; <a href=\"https:\/\/santemc.quebec\/icentre\/premiere-rencontre-annuelle-des-equipes-de-sante-au-travail-de-la-direction-de-sante-publique-de-la-monteregie\/\">Continuer la lecture <span class=\"meta-nav\">&rarr;<\/span><\/a><\/p>\n","protected":false},"author":9,"featured_media":0,"comment_status":"open","ping_status":"closed","sticky":false,"template":"","format":"standard","meta":{"footnotes":""},"categories":[1],"tags":[],"_links":{"self":[{"href":"https:\/\/santemc.quebec\/icentre\/wp-json\/wp\/v2\/posts\/6656"}],"collection":[{"href":"https:\/\/santemc.quebec\/icentre\/wp-json\/wp\/v2\/posts"}],"about":[{"href":"https:\/\/santemc.quebec\/icentre\/wp-json\/wp\/v2\/types\/post"}],"author":[{"embeddable":true,"href":"https:\/\/santemc.quebec\/icentre\/wp-json\/wp\/v2\/users\/9"}],"replies":[{"embeddable":true,"href":"https:\/\/santemc.quebec\/icentre\/wp-json\/wp\/v2\/comments?post=6656"}],"version-history":[{"count":1,"href":"https:\/\/santemc.quebec\/icentre\/wp-json\/wp\/v2\/posts\/6656\/revisions"}],"predecessor-version":[{"id":6660,"href":"https:\/\/santemc.quebec\/icentre\/wp-json\/wp\/v2\/posts\/6656\/revisions\/6660"}],"wp:attachment":[{"href":"https:\/\/santemc.quebec\/icentre\/wp-json\/wp\/v2\/media?parent=6656"}],"wp:term":[{"taxonomy":"category","embeddable":true,"href":"https:\/\/santemc.quebec\/icentre\/wp-json\/wp\/v2\/categories?post=6656"},{"taxonomy":"post_tag","embeddable":true,"href":"https:\/\/santemc.quebec\/icentre\/wp-json\/wp\/v2\/tags?post=6656"}],"curies":[{"name":"wp","href":"https:\/\/api.w.org\/{rel}","templated":true}]}}