{"id":666,"date":"2015-08-17T14:21:50","date_gmt":"2015-08-17T18:21:50","guid":{"rendered":"http:\/\/santemc.quebec\/icentre\/?p=666"},"modified":"2015-08-25T10:21:10","modified_gmt":"2015-08-25T14:21:10","slug":"mot-du-pdg-processus-de-designation-au-conseil-dadministration-du-cisss-de-la-monteregie-centre","status":"publish","type":"post","link":"https:\/\/santemc.quebec\/icentre\/mot-du-pdg-processus-de-designation-au-conseil-dadministration-du-cisss-de-la-monteregie-centre\/","title":{"rendered":"Mot du PDG : Processus de d\u00e9signation au conseil d\u2019administration du CISSS de la Mont\u00e9r\u00e9gie-Centre"},"content":{"rendered":"<p><a href=\"http:\/\/santemc.quebec\/santemc\/icentre\/wp-content\/uploads\/2015\/03\/Richard-Deschamps-2012-001-e1430408854308.jpg\"><img decoding=\"async\" loading=\"lazy\" class=\"alignleft wp-image-107 size-thumbnail\" src=\"http:\/\/santemc.quebec\/santemc\/icentre\/wp-content\/uploads\/2015\/03\/Richard-Deschamps-2012-001-150x150.jpg\" alt=\"Richard Deschamps 2012 001\" width=\"150\" height=\"150\" \/><\/a><\/p>\n<div>Le 7 juillet dernier, je vous mentionnais que la formation du conseil d\u2019administration constituait une \u00e9tape importante dans la cr\u00e9ation de notre \u00e9tablissement.<\/div>\n<p>&nbsp;<\/p>\n<p>Le conseil d\u2019administration de notre CISSS comprend 17 membres\u00a0:<!--more--><\/p>\n<ul>\n<li>le pr\u00e9sident-directeur g\u00e9n\u00e9ral\u00a0;<\/li>\n<li>un <strong>m\u00e9decin omnipraticien<\/strong> d\u00e9sign\u00e9 par et parmi les membres du d\u00e9partement r\u00e9gional de m\u00e9decine g\u00e9n\u00e9rale (DRMG)\u00a0;<\/li>\n<li>un <strong>m\u00e9decin sp\u00e9cialiste<\/strong> d\u00e9sign\u00e9 par et parmi membre du CMDP\u00a0;<\/li>\n<li>un <strong>pharmacien d\u2019\u00e9tablissement<\/strong> membre du comit\u00e9 r\u00e9gional de services pharmaceutiques (CRSP)\u00a0;<\/li>\n<li>une <strong>personne d\u00e9sign\u00e9e par et parmi les membres du CII y compris les infirmi\u00e8res et infirmiers auxiliaires <\/strong>;<\/li>\n<li>une <strong>personne d\u00e9sign\u00e9e par et parmi les membres du CM y compris les sages-femmes <\/strong>;<\/li>\n<li>un <strong>membre du comit\u00e9 des usagers<\/strong> du centre int\u00e9gr\u00e9\u00a0;<\/li>\n<li>une personne nomm\u00e9e par le ministre, \u00e0 partir d\u2019une liste de noms fournie par les organismes repr\u00e9sentatifs du milieu de l\u2019enseignement identifi\u00e9s\u00a0par ce dernier ;<\/li>\n<li>neuf personnes ind\u00e9pendantes nomm\u00e9es selon des profils de comp\u00e9tences sp\u00e9cifiques d\u00e9finis par le ministre, et ce, dans les domaines suivants :\n<ul>\n<li>gouvernance ou \u00e9thique<\/li>\n<li>gestion des risques, finance et comptabilit\u00e9<\/li>\n<li>ressources immobili\u00e8res, informationnelles ou humaines<\/li>\n<li>v\u00e9rification, performance ou gestion de la qualit\u00e9<\/li>\n<li>expertise dans les organismes communautaires<\/li>\n<li>expertise en protection de la jeunesse<\/li>\n<li>expertise en r\u00e9adaptation<\/li>\n<li>expertise en sant\u00e9 mentale<\/li>\n<li>exp\u00e9rience v\u00e9cue \u00e0 titre d\u2019usager des services sociaux<\/li>\n<\/ul>\n<\/li>\n<\/ul>\n<p>Afin de choisir les 6 personnes issues des instances du CISSS ou des instances r\u00e9gionales, un r\u00e8glement sur la proc\u00e9dure de\u00a0d\u00e9signation a \u00e9t\u00e9 adopt\u00e9 par l\u2019Assembl\u00e9e nationale.\u00a0 Le ministre a fix\u00e9 au 24 septembre 2015 la date des d\u00e9signations et la date d\u2019entr\u00e9e en fonction de ces personnes.<\/p>\n<p>Pour le CISSS de la Mont\u00e9r\u00e9gie-Centre, madame Christine Daniel, directrice g\u00e9n\u00e9rale adjointe, a \u00e9t\u00e9 nomm\u00e9e par le ministre \u00e0 titre de pr\u00e9sidente du processus de d\u00e9signation.<\/p>\n<p>Le 14 ao\u00fbt dernier, comme pr\u00e9vu au r\u00e8glement, la pr\u00e9sidente du processus de d\u00e9signation a transmis les avis de d\u00e9signation pour les coll\u00e8ges de d\u00e9signation CMDP, CII, CM, DRMG, CRSP et comit\u00e9 des usagers. <strong>La date limite pour remettre votre candidature\u00a0est le mardi 25 ao\u00fbt.<\/strong><\/p>\n<p>Je vous invite donc \u00e0 consulter les babillards de notre \u00e9tablissement. Vous y trouverez l\u2019avis de d\u00e9signation ainsi que la liste des membres de chacun des coll\u00e8ges vis\u00e9s. Pour pr\u00e9senter votre candidature et pour voter, vous devez \u00eatre inscrit sur cette liste.<\/p>\n<p>Vous trouverez \u00e9galement les documents \u00e0 remplir pour poser votre candidature ainsi que de l\u2019information sur le fonctionnement du conseil d\u2019administration \u00e0 l\u2019adresse <a href=\"http:\/\/www.santemc.quebec\/ca\" target=\"_blank\">www.santemc.quebec\/ca<\/a><\/p>\n","protected":false},"excerpt":{"rendered":"<p>Le 7 juillet dernier, je vous mentionnais que la formation du conseil d\u2019administration constituait une \u00e9tape importante dans la cr\u00e9ation de notre \u00e9tablissement. &nbsp; Le conseil d\u2019administration de notre CISSS comprend 17 membres\u00a0:<\/p>\n","protected":false},"author":1,"featured_media":0,"comment_status":"open","ping_status":"closed","sticky":false,"template":"","format":"standard","meta":{"footnotes":""},"categories":[9],"tags":[],"_links":{"self":[{"href":"https:\/\/santemc.quebec\/icentre\/wp-json\/wp\/v2\/posts\/666"}],"collection":[{"href":"https:\/\/santemc.quebec\/icentre\/wp-json\/wp\/v2\/posts"}],"about":[{"href":"https:\/\/santemc.quebec\/icentre\/wp-json\/wp\/v2\/types\/post"}],"author":[{"embeddable":true,"href":"https:\/\/santemc.quebec\/icentre\/wp-json\/wp\/v2\/users\/1"}],"replies":[{"embeddable":true,"href":"https:\/\/santemc.quebec\/icentre\/wp-json\/wp\/v2\/comments?post=666"}],"version-history":[{"count":7,"href":"https:\/\/santemc.quebec\/icentre\/wp-json\/wp\/v2\/posts\/666\/revisions"}],"predecessor-version":[{"id":673,"href":"https:\/\/santemc.quebec\/icentre\/wp-json\/wp\/v2\/posts\/666\/revisions\/673"}],"wp:attachment":[{"href":"https:\/\/santemc.quebec\/icentre\/wp-json\/wp\/v2\/media?parent=666"}],"wp:term":[{"taxonomy":"category","embeddable":true,"href":"https:\/\/santemc.quebec\/icentre\/wp-json\/wp\/v2\/categories?post=666"},{"taxonomy":"post_tag","embeddable":true,"href":"https:\/\/santemc.quebec\/icentre\/wp-json\/wp\/v2\/tags?post=666"}],"curies":[{"name":"wp","href":"https:\/\/api.w.org\/{rel}","templated":true}]}}