{"id":6671,"date":"2018-04-20T14:16:23","date_gmt":"2018-04-20T18:16:23","guid":{"rendered":"http:\/\/santemc.quebec\/icentre\/?p=6671"},"modified":"2018-04-20T14:23:19","modified_gmt":"2018-04-20T18:23:19","slug":"le-gouvernement-du-quebec-modernise-lhopital-charles-le-moyne","status":"publish","type":"post","link":"https:\/\/santemc.quebec\/icentre\/le-gouvernement-du-quebec-modernise-lhopital-charles-le-moyne\/","title":{"rendered":"Le gouvernement du Qu\u00e9bec modernise l\u2019H\u00f4pital Charles-Le Moyne"},"content":{"rendered":"<div id=\"attachment_6675\" style=\"width: 310px\" class=\"wp-caption alignleft\"><a href=\"http:\/\/santemc.quebec\/santemc\/icentre\/wp-content\/uploads\/2018\/04\/modernisation_HCLM.jpg\"><img aria-describedby=\"caption-attachment-6675\" decoding=\"async\" loading=\"lazy\" class=\"wp-image-6675 size-medium\" src=\"http:\/\/santemc.quebec\/santemc\/icentre\/wp-content\/uploads\/2018\/04\/modernisation_HCLM-300x199.jpg\" alt=\"\" width=\"300\" height=\"199\" srcset=\"https:\/\/santemc.quebec\/santemc\/icentre\/wp-content\/uploads\/2018\/04\/modernisation_HCLM-300x199.jpg 300w, https:\/\/santemc.quebec\/santemc\/icentre\/wp-content\/uploads\/2018\/04\/modernisation_HCLM-768x509.jpg 768w, https:\/\/santemc.quebec\/santemc\/icentre\/wp-content\/uploads\/2018\/04\/modernisation_HCLM-1024x679.jpg 1024w, https:\/\/santemc.quebec\/santemc\/icentre\/wp-content\/uploads\/2018\/04\/modernisation_HCLM-452x300.jpg 452w, https:\/\/santemc.quebec\/santemc\/icentre\/wp-content\/uploads\/2018\/04\/modernisation_HCLM.jpg 1276w\" sizes=\"(max-width: 300px) 100vw, 300px\" \/><\/a><p id=\"caption-attachment-6675\" class=\"wp-caption-text\">De gauche \u00e0 droite : (gauche \u00e0 droite) : Lise Pouliot, pr\u00e9sidente-directrice g\u00e9n\u00e9rale adjointe; Michel Wong Kee Song, membre du C. A.; Ga\u00e9tan Barrette, ministre de la Sant\u00e9 et des Services sociaux; Richard Deschamps, pr\u00e9sident-directeur g\u00e9n\u00e9ral; Nicole Mongeon, vice-pr\u00e9sidente du C. A.; Benoit Lemieux, pr\u00e9sident du C. A. de la Fondation H\u00f4pital Charles-LeMoyne; Nicole M\u00e9nard, whip en chef et d\u00e9put\u00e9e de Laporte ainsi que Pierre Boucher, pr\u00e9sident du C. A.<\/p><\/div>\n<p>Afin d\u2019offrir aux usagers du Centre int\u00e9gr\u00e9 de sant\u00e9 et de services sociaux de la Mont\u00e9r\u00e9gie-Centre (CISSS) des infrastructures de sant\u00e9 de la meilleure qualit\u00e9 possible, le ministre de la Sant\u00e9 et des Services sociaux, monsieur Ga\u00e9tan Barrette, en compagnie de la whip en chef du gouvernement et d\u00e9put\u00e9e de Laporte, madame Nicole M\u00e9nard, ont annonc\u00e9 aujourd\u2019hui des investissements visant \u00e0 moderniser l\u2019H\u00f4pital Charles-Le Moyne.<\/p>\n<p><!--more--><\/p>\n<p>Tout d\u2019abord, ils ont annonc\u00e9 que le projet d\u2019agrandissement du bloc op\u00e9ratoire et de la chirurgie d\u2019un jour est inscrit au Plan qu\u00e9b\u00e9cois des infrastructures (PQI) comme \u00ab\u00a0projet \u00e0 l\u2019\u00e9tude\u00a0\u00bb, ce qui permet d&rsquo;amorcer la production de son dossier d\u2019opportunit\u00e9. Dans le cadre de ce projet, l\u2019option privil\u00e9gi\u00e9e est la construction d\u2019\u00e9tages au-dessus de la nouvelle urgence, regroupant le bloc op\u00e9ratoire et la chirurgie d\u2019un jour. Le co\u00fbt global du projet est \u00e9valu\u00e9 pour l\u2019instant \u00e0 123\u00a0M$.<\/p>\n<p>Ils ont \u00e9galement annonc\u00e9 deux autres projets en cours \u00e0 l\u2019H\u00f4pital Charles-Le\u00a0Moyne. Le premier est la construction d\u2019un b\u00e2timent modulaire d\u2019une superficie de 1\u00a0150\u00a0m\u00e8tres carr\u00e9s, au co\u00fbt de 4\u00a0599\u00a0000\u00a0$, qui accueillera 25 lits d\u2019hospitalisation. Les travaux, actuellement en cours, devraient s\u2019achever au d\u00e9but de l\u2019automne. L\u2019autre projet est le regroupement de cliniques externes et de services ambulatoires au sein d\u2019un m\u00eame am\u00e9nagement de 1\u00a0228,5 m\u00e8tres carr\u00e9s. Ce projet repr\u00e9sente un investissement de 4,8 M$ et les travaux devraient s\u2019amorcer cet automne. Ces deux projets s\u2019inscrivent dans la continuit\u00e9 du rapatriement des soins de Montr\u00e9al vers la Mont\u00e9r\u00e9gie et d\u2019autres r\u00e9gions p\u00e9riph\u00e9riques.<\/p>\n<p style=\"padding-left: 30px;\">\u00ab\u00a0Les trois projets annonc\u00e9s aujourd\u2019hui s\u2019inscrivent dans notre volont\u00e9 de doter le Qu\u00e9bec d\u2019infrastructures de sant\u00e9 plus modernes et mieux adapt\u00e9es aux besoins actuels de la population. \u00c0 terme, la modernisation de l\u2019h\u00f4pital permettra d\u2019am\u00e9liorer de mani\u00e8re notable et durable l\u2019exp\u00e9rience de soins et de fournir, tant aux usagers qu\u2019au personnel, un environnement \u00e0 la fois plus convivial et s\u00e9curitaire.\u00a0\u00bb<br \/>\n<em>Ga\u00e9tan Barrette, ministre de la Sant\u00e9 et des Services sociaux<\/em><\/p>\n<p style=\"padding-left: 30px;\">\u00ab\u00a0Il s\u2019agit d\u2019une excellente nouvelle pour la population de la circonscription de Laporte, qui pourra b\u00e9n\u00e9ficier de services encore plus accessibles et de la meilleure qualit\u00e9 possible, dans un contexte favorisant davantage sa qualit\u00e9 de vie. L\u2019appui accord\u00e9 par notre gouvernement vient confirmer que nous sommes \u00e0 l\u2019\u00e9coute des besoins des usagers, et que nous avons \u00e0 c\u0153ur de soutenir des initiatives qui viennent y r\u00e9pondre de mani\u00e8re tr\u00e8s concr\u00e8te.\u00a0\u00bb<br \/>\n<em>Nicole M\u00e9nard, whip en chef du gouvernement et d\u00e9put\u00e9e de Laporte<\/em><\/p>\n<p style=\"padding-left: 30px;\">\u00ab\u00a0La population de la Mont\u00e9r\u00e9gie, en raison de divers facteurs d\u00e9mographiques, a des besoins de plus en plus \u00e9lev\u00e9s en mati\u00e8re de sant\u00e9, et je me r\u00e9jouis de voir que des initiatives telles que ce projet de construction viennent t\u00e9moigner de nos efforts pour y r\u00e9pondre de mani\u00e8re optimale. Ce projet, qui suscite un grand int\u00e9r\u00eat aupr\u00e8s de la communaut\u00e9, t\u00e9moigne des choix responsables que nous faisons collectivement en ce qui concerne les infrastructures de sant\u00e9, des choix qui sont le mieux adapt\u00e9s possible \u00e0 la r\u00e9alit\u00e9 des gens d\u2019ici.\u00a0\u00bb<br \/>\n<em>Lucie Charlebois, ministre d\u00e9l\u00e9gu\u00e9e \u00e0 la R\u00e9adaptation, \u00e0 la Protection de la jeunesse, \u00e0 la Sant\u00e9 publique et aux Saines habitudes de vie et ministre responsable de la r\u00e9gion de la Mont\u00e9r\u00e9gie<\/em><\/p>\n<p><strong>Faits saillants<br \/>\n<\/strong>Le bloc op\u00e9ratoire et la chirurgie d\u2019un jour auront<\/p>\n<ul>\n<li>11 salles polyvalentes de 70 m\u00e8tres carr\u00e9s pour les chirurgies \u00e9lectives et une salle hybride d\u2019op\u00e9ration de 100 m\u00e8tres carr\u00e9s;<\/li>\n<li>une salle de chirurgie mineure, une salle de c\u00e9sarienne d\u2019urgence et une salle d\u2019urgence.<\/li>\n<\/ul>\n<p>Le nombre de salles passera de 13 \u00e0 15, la salle de r\u00e9veil, de 11 \u00e0 23 civi\u00e8res, et la chirurgie d\u2019un jour passera quant \u00e0 elle de 18 \u00e0 36 civi\u00e8res.<\/p>\n<p>L\u2019\u00e9laboration du DO du projet se poursuivra jusqu\u2019en 2020. Un montant de 1,5\u00a0M$ est octroy\u00e9 pour la r\u00e9alisation de cette \u00e9tape.<\/p>\n<p>Le projet concernant les 25 lits d\u2019hospitalisation comprend la construction de 12 chambres pour deux, d\u2019une chambre individuelle, de locaux consacr\u00e9s \u00e0 la famille, d\u2019un poste de garde centralis\u00e9, de rangements et d\u2019un bureau clinico-administratif et permettra un lien de plain-pied avec l\u2019h\u00f4pital.<\/p>\n<p>Finalement, le regroupement des cliniques externes et des services ambulatoires permettra notamment\u00a0d\u2019offrir un environnement ambulatoire plus appropri\u00e9, de favoriser la fluidit\u00e9 de parcours de services, de mieux r\u00e9pondre \u00e0 l\u2019augmentation du volume d\u2019activit\u00e9s, d\u2019am\u00e9liorer le partage de l\u2019information, d\u2019optimiser le fonctionnement des cliniques et de mieux contr\u00f4ler les infections.<\/p>\n<p>&nbsp;<\/p>\n","protected":false},"excerpt":{"rendered":"<p>Afin d\u2019offrir aux usagers du Centre int\u00e9gr\u00e9 de sant\u00e9 et de services sociaux de la Mont\u00e9r\u00e9gie-Centre (CISSS) des infrastructures de sant\u00e9 de la meilleure qualit\u00e9 possible, le ministre de la Sant\u00e9 et des Services sociaux, monsieur Ga\u00e9tan Barrette, en compagnie &hellip; <a href=\"https:\/\/santemc.quebec\/icentre\/le-gouvernement-du-quebec-modernise-lhopital-charles-le-moyne\/\">Continuer la lecture <span class=\"meta-nav\">&rarr;<\/span><\/a><\/p>\n","protected":false},"author":9,"featured_media":0,"comment_status":"open","ping_status":"closed","sticky":false,"template":"","format":"standard","meta":{"footnotes":""},"categories":[1],"tags":[],"_links":{"self":[{"href":"https:\/\/santemc.quebec\/icentre\/wp-json\/wp\/v2\/posts\/6671"}],"collection":[{"href":"https:\/\/santemc.quebec\/icentre\/wp-json\/wp\/v2\/posts"}],"about":[{"href":"https:\/\/santemc.quebec\/icentre\/wp-json\/wp\/v2\/types\/post"}],"author":[{"embeddable":true,"href":"https:\/\/santemc.quebec\/icentre\/wp-json\/wp\/v2\/users\/9"}],"replies":[{"embeddable":true,"href":"https:\/\/santemc.quebec\/icentre\/wp-json\/wp\/v2\/comments?post=6671"}],"version-history":[{"count":3,"href":"https:\/\/santemc.quebec\/icentre\/wp-json\/wp\/v2\/posts\/6671\/revisions"}],"predecessor-version":[{"id":6677,"href":"https:\/\/santemc.quebec\/icentre\/wp-json\/wp\/v2\/posts\/6671\/revisions\/6677"}],"wp:attachment":[{"href":"https:\/\/santemc.quebec\/icentre\/wp-json\/wp\/v2\/media?parent=6671"}],"wp:term":[{"taxonomy":"category","embeddable":true,"href":"https:\/\/santemc.quebec\/icentre\/wp-json\/wp\/v2\/categories?post=6671"},{"taxonomy":"post_tag","embeddable":true,"href":"https:\/\/santemc.quebec\/icentre\/wp-json\/wp\/v2\/tags?post=6671"}],"curies":[{"name":"wp","href":"https:\/\/api.w.org\/{rel}","templated":true}]}}