{"id":6682,"date":"2018-04-23T09:20:09","date_gmt":"2018-04-23T13:20:09","guid":{"rendered":"http:\/\/santemc.quebec\/icentre\/?p=6682"},"modified":"2018-04-23T15:40:28","modified_gmt":"2018-04-23T19:40:28","slug":"semaine-nationale-du-laboratoire-medical-le-labo-cest-nous","status":"publish","type":"post","link":"https:\/\/santemc.quebec\/icentre\/semaine-nationale-du-laboratoire-medical-le-labo-cest-nous\/","title":{"rendered":"Semaine nationale du laboratoire m\u00e9dical : \u00ab Le labo, c\u2019est nous \u00bb"},"content":{"rendered":"<p><a href=\"http:\/\/santemc.quebec\/santemc\/icentre\/wp-content\/uploads\/2018\/04\/Affiche-Labo.jpg\"><img decoding=\"async\" loading=\"lazy\" class=\"alignleft size-medium wp-image-6683\" src=\"http:\/\/santemc.quebec\/santemc\/icentre\/wp-content\/uploads\/2018\/04\/Affiche-Labo-232x300.jpg\" alt=\"\" width=\"232\" height=\"300\" srcset=\"https:\/\/santemc.quebec\/santemc\/icentre\/wp-content\/uploads\/2018\/04\/Affiche-Labo-232x300.jpg 232w, https:\/\/santemc.quebec\/santemc\/icentre\/wp-content\/uploads\/2018\/04\/Affiche-Labo.jpg 510w\" sizes=\"(max-width: 232px) 100vw, 232px\" \/><\/a>Du 22 au 28 avril 2018, c\u2019est la Semaine nationale du laboratoire m\u00e9dical. Cette semaine est une p\u00e9riode pendant laquelle le personnel de laboratoire prend conscience de l\u2019important travail r\u00e9alis\u00e9 depuis la derni\u00e8re ann\u00e9e.<\/p>\n<p>Organis\u00e9e sous le th\u00e8me : \u00ab Le labo, c\u2019est nous \u00bb, l\u2019\u00e9dition 2018 veut mettre en valeur la collaboration et la compl\u00e9mentarit\u00e9 essentielles au travail de laboratoire. Cette activit\u00e9 de reconnaissance du r\u00f4le des \u00e9quipes et de leur contribution \u00e0 l\u2019offre de soins et de services prendra diff\u00e9rentes formes au CISSS de la Mont\u00e9r\u00e9gie-Centre et s\u2019actualisera dans tous nos laboratoires, sur les trois territoires.<!--more--><\/p>\n<p>Nous vous invitons donc, en cette semaine th\u00e9matique, \u00e0 traduire votre appr\u00e9ciation et reconnaissance \u00e0 ces partenaires incontournables que sont nos \u00e9quipes des laboratoires.<\/p>\n","protected":false},"excerpt":{"rendered":"<p>Du 22 au 28 avril 2018, c\u2019est la Semaine nationale du laboratoire m\u00e9dical. Cette semaine est une p\u00e9riode pendant laquelle le personnel de laboratoire prend conscience de l\u2019important travail r\u00e9alis\u00e9 depuis la derni\u00e8re ann\u00e9e. Organis\u00e9e sous le th\u00e8me : \u00ab &hellip; <a href=\"https:\/\/santemc.quebec\/icentre\/semaine-nationale-du-laboratoire-medical-le-labo-cest-nous\/\">Continuer la lecture <span class=\"meta-nav\">&rarr;<\/span><\/a><\/p>\n","protected":false},"author":1,"featured_media":0,"comment_status":"open","ping_status":"closed","sticky":false,"template":"","format":"standard","meta":{"footnotes":""},"categories":[1],"tags":[],"_links":{"self":[{"href":"https:\/\/santemc.quebec\/icentre\/wp-json\/wp\/v2\/posts\/6682"}],"collection":[{"href":"https:\/\/santemc.quebec\/icentre\/wp-json\/wp\/v2\/posts"}],"about":[{"href":"https:\/\/santemc.quebec\/icentre\/wp-json\/wp\/v2\/types\/post"}],"author":[{"embeddable":true,"href":"https:\/\/santemc.quebec\/icentre\/wp-json\/wp\/v2\/users\/1"}],"replies":[{"embeddable":true,"href":"https:\/\/santemc.quebec\/icentre\/wp-json\/wp\/v2\/comments?post=6682"}],"version-history":[{"count":3,"href":"https:\/\/santemc.quebec\/icentre\/wp-json\/wp\/v2\/posts\/6682\/revisions"}],"predecessor-version":[{"id":6686,"href":"https:\/\/santemc.quebec\/icentre\/wp-json\/wp\/v2\/posts\/6682\/revisions\/6686"}],"wp:attachment":[{"href":"https:\/\/santemc.quebec\/icentre\/wp-json\/wp\/v2\/media?parent=6682"}],"wp:term":[{"taxonomy":"category","embeddable":true,"href":"https:\/\/santemc.quebec\/icentre\/wp-json\/wp\/v2\/categories?post=6682"},{"taxonomy":"post_tag","embeddable":true,"href":"https:\/\/santemc.quebec\/icentre\/wp-json\/wp\/v2\/tags?post=6682"}],"curies":[{"name":"wp","href":"https:\/\/api.w.org\/{rel}","templated":true}]}}