{"id":6687,"date":"2018-04-24T11:32:57","date_gmt":"2018-04-24T15:32:57","guid":{"rendered":"http:\/\/santemc.quebec\/icentre\/?p=6687"},"modified":"2018-04-25T14:33:55","modified_gmt":"2018-04-25T18:33:55","slug":"donner-au-prochain-une-derniere-fois","status":"publish","type":"post","link":"https:\/\/santemc.quebec\/icentre\/donner-au-prochain-une-derniere-fois\/","title":{"rendered":"Donner au prochain, une derni\u00e8re fois!"},"content":{"rendered":"<p><img decoding=\"async\" loading=\"lazy\" class=\"alignleft size-medium\" src=\"https:\/\/www.chusj.org\/getattachment\/8b8295c3-ab1d-41c8-bdc5-7036df62bc0d\/img?width=210\" width=\"210\" height=\"140\" \/>Saviez-vous que donner la vie n\u2019est plus r\u00e9serv\u00e9 strictement aux femmes? Ce privil\u00e8ge est maintenant possible pour l\u2019ensemble de la population gr\u00e2ce au don d\u2019organes et au don de tissus. Plus de quatre Qu\u00e9b\u00e9cois sur 10 ont officialis\u00e9 leur consentement \u00e0 l\u2019un des deux registres, soit celui du R\u00e9gime de l\u2019assurance maladie du Qu\u00e9bec ou de la Chambre des notaires. Signez don l\u2019autocollant de consentement aussi! Ce geste g\u00e9n\u00e9reux peut permettre de sauver jusqu\u2019\u00e0 huit vies en plus d\u2019aider d\u2019autres individus \u00e0 retrouver la sant\u00e9.<!--more--><\/p>\n<p>La semaine nationale du don d\u2019organes et du don de tissus a lieu du 22 au 28 avril prochain. Des activit\u00e9s auront lieu dans nos h\u00f4pitaux afin de r\u00e9it\u00e9rer l\u2019importance du don d\u2019organes et du don de tissus. Un kiosque ambulant sera pr\u00e9sent le mardi 24 avril \u00e0 l\u2019H\u00f4pital Charles-Le Moyne et le mercredi 25 avril \u00e0 l\u2019H\u00f4pital du Haut-Richelieu. \u00c0 l\u2019honneur, un jeu-questionnaire, de petites douceurs et divers objets promotionnels seront distribu\u00e9s \u00e0 tous les participants. Aussi, une visioconf\u00e9rence aura lieu le jeudi 26 avril \u00e0 l\u2019H\u00f4pital Charles-Le Moyne.<\/p>\n<p><a href=\"http:\/\/santemc.quebec\/santemc\/icentre\/wp-content\/uploads\/2018\/04\/Afficheconf\u00e9rence26avril2018.png\"><img decoding=\"async\" loading=\"lazy\" class=\"alignleft wp-image-6688 size-full\" src=\"http:\/\/santemc.quebec\/santemc\/icentre\/wp-content\/uploads\/2018\/04\/Afficheconf\u00e9rence26avril2018.png\" alt=\"\" width=\"960\" height=\"720\" srcset=\"https:\/\/santemc.quebec\/santemc\/icentre\/wp-content\/uploads\/2018\/04\/Afficheconf\u00e9rence26avril2018.png 960w, https:\/\/santemc.quebec\/santemc\/icentre\/wp-content\/uploads\/2018\/04\/Afficheconf\u00e9rence26avril2018-300x225.png 300w, https:\/\/santemc.quebec\/santemc\/icentre\/wp-content\/uploads\/2018\/04\/Afficheconf\u00e9rence26avril2018-768x576.png 768w, https:\/\/santemc.quebec\/santemc\/icentre\/wp-content\/uploads\/2018\/04\/Afficheconf\u00e9rence26avril2018-400x300.png 400w\" sizes=\"(max-width: 960px) 100vw, 960px\" \/><\/a><\/p>\n","protected":false},"excerpt":{"rendered":"<p>Saviez-vous que donner la vie n\u2019est plus r\u00e9serv\u00e9 strictement aux femmes? Ce privil\u00e8ge est maintenant possible pour l\u2019ensemble de la population gr\u00e2ce au don d\u2019organes et au don de tissus. Plus de quatre Qu\u00e9b\u00e9cois sur 10 ont officialis\u00e9 leur consentement &hellip; <a href=\"https:\/\/santemc.quebec\/icentre\/donner-au-prochain-une-derniere-fois\/\">Continuer la lecture <span class=\"meta-nav\">&rarr;<\/span><\/a><\/p>\n","protected":false},"author":1,"featured_media":0,"comment_status":"open","ping_status":"closed","sticky":false,"template":"","format":"standard","meta":{"footnotes":""},"categories":[1],"tags":[],"_links":{"self":[{"href":"https:\/\/santemc.quebec\/icentre\/wp-json\/wp\/v2\/posts\/6687"}],"collection":[{"href":"https:\/\/santemc.quebec\/icentre\/wp-json\/wp\/v2\/posts"}],"about":[{"href":"https:\/\/santemc.quebec\/icentre\/wp-json\/wp\/v2\/types\/post"}],"author":[{"embeddable":true,"href":"https:\/\/santemc.quebec\/icentre\/wp-json\/wp\/v2\/users\/1"}],"replies":[{"embeddable":true,"href":"https:\/\/santemc.quebec\/icentre\/wp-json\/wp\/v2\/comments?post=6687"}],"version-history":[{"count":2,"href":"https:\/\/santemc.quebec\/icentre\/wp-json\/wp\/v2\/posts\/6687\/revisions"}],"predecessor-version":[{"id":6690,"href":"https:\/\/santemc.quebec\/icentre\/wp-json\/wp\/v2\/posts\/6687\/revisions\/6690"}],"wp:attachment":[{"href":"https:\/\/santemc.quebec\/icentre\/wp-json\/wp\/v2\/media?parent=6687"}],"wp:term":[{"taxonomy":"category","embeddable":true,"href":"https:\/\/santemc.quebec\/icentre\/wp-json\/wp\/v2\/categories?post=6687"},{"taxonomy":"post_tag","embeddable":true,"href":"https:\/\/santemc.quebec\/icentre\/wp-json\/wp\/v2\/tags?post=6687"}],"curies":[{"name":"wp","href":"https:\/\/api.w.org\/{rel}","templated":true}]}}