{"id":6693,"date":"2018-04-25T14:29:39","date_gmt":"2018-04-25T18:29:39","guid":{"rendered":"http:\/\/santemc.quebec\/icentre\/?p=6693"},"modified":"2018-04-25T14:29:39","modified_gmt":"2018-04-25T18:29:39","slug":"le-soutien-a-domicile-recrute-le-samedi-5-mai","status":"publish","type":"post","link":"https:\/\/santemc.quebec\/icentre\/le-soutien-a-domicile-recrute-le-samedi-5-mai\/","title":{"rendered":"Le soutien \u00e0 domicile recrute le samedi 5 mai!"},"content":{"rendered":"<p><a href=\"http:\/\/santemc.quebec\/santemc\/icentre\/wp-content\/uploads\/2018\/04\/post_Facebook.jpg\"><img decoding=\"async\" loading=\"lazy\" class=\"size-medium wp-image-6694 alignleft\" src=\"http:\/\/santemc.quebec\/santemc\/icentre\/wp-content\/uploads\/2018\/04\/post_Facebook-300x300.jpg\" alt=\"\" width=\"300\" height=\"300\" srcset=\"https:\/\/santemc.quebec\/santemc\/icentre\/wp-content\/uploads\/2018\/04\/post_Facebook-300x300.jpg 300w, https:\/\/santemc.quebec\/santemc\/icentre\/wp-content\/uploads\/2018\/04\/post_Facebook-150x150.jpg 150w, https:\/\/santemc.quebec\/santemc\/icentre\/wp-content\/uploads\/2018\/04\/post_Facebook-768x768.jpg 768w, https:\/\/santemc.quebec\/santemc\/icentre\/wp-content\/uploads\/2018\/04\/post_Facebook-1024x1024.jpg 1024w, https:\/\/santemc.quebec\/santemc\/icentre\/wp-content\/uploads\/2018\/04\/post_Facebook.jpg 1080w\" sizes=\"(max-width: 300px) 100vw, 300px\" \/><\/a>Afin de combler plus d\u2019une trentaine d\u2019emplois au sein des \u00e9quipes du soutien \u00e0 domicile, le CISSS de la Mont\u00e9r\u00e9gie-Centre organise une journ\u00e9e de l\u2019emploi le samedi 5 mai 2018, de 9 h \u00e0 13 h. Cette activit\u00e9 de recrutement aura lieu simultan\u00e9ment au CLSC de la Vall\u00e9e-des-Forts (Saint-Jean-sur-Richelieu) et au CLSC Samuel-de-Champlain (Brossard).<\/p>\n<p><!--more--><\/p>\n<p>La journ\u00e9e a pour objectifs de faire d\u00e9couvrir les particularit\u00e9s de la pratique en soutien \u00e0 domicile et de r\u00e9aliser sur place des entrevues avec les personnes d\u00e9sirant se joindre \u00e0 nos \u00e9quipes. Le secteur du soutien \u00e0 domicile recherche principalement des infirmi\u00e8res, des infirmi\u00e8res auxiliaires et des auxiliaires en sant\u00e9 et services sociaux (ASSS). Des emplois sont aussi disponibles pour des travailleurs sociaux, inhaloth\u00e9rapeutes, nutritionnistes, ergoth\u00e9rapeutes, et plusieurs autres titres d\u2019emploi.<\/p>\n<p>Si vous connaissez des personnes int\u00e9ress\u00e9es par le soutien \u00e0 domicile, qu\u2019elles soient encore aux \u00e9tudes, r\u00e9cemment dipl\u00f4m\u00e9es ou qu\u2019elles poss\u00e8dent plusieurs ann\u00e9es d\u2019exp\u00e9rience, n\u2019h\u00e9sitez pas \u00e0 les convier \u00e0 la journ\u00e9e du 5 mai!<\/p>\n<p>Pour tous les d\u00e9tails de l\u2019activit\u00e9 : <a href=\"http:\/\/www.nousrecrutons.ca\" target=\"_blank\" rel=\"noopener\">www.nousrecrutons.ca<\/a><\/p>\n<p>&nbsp;<\/p>\n","protected":false},"excerpt":{"rendered":"<p>Afin de combler plus d\u2019une trentaine d\u2019emplois au sein des \u00e9quipes du soutien \u00e0 domicile, le CISSS de la Mont\u00e9r\u00e9gie-Centre organise une journ\u00e9e de l\u2019emploi le samedi 5 mai 2018, de 9 h \u00e0 13 h. Cette activit\u00e9 de recrutement &hellip; <a href=\"https:\/\/santemc.quebec\/icentre\/le-soutien-a-domicile-recrute-le-samedi-5-mai\/\">Continuer la lecture <span class=\"meta-nav\">&rarr;<\/span><\/a><\/p>\n","protected":false},"author":9,"featured_media":0,"comment_status":"open","ping_status":"closed","sticky":false,"template":"","format":"standard","meta":{"footnotes":""},"categories":[1],"tags":[],"_links":{"self":[{"href":"https:\/\/santemc.quebec\/icentre\/wp-json\/wp\/v2\/posts\/6693"}],"collection":[{"href":"https:\/\/santemc.quebec\/icentre\/wp-json\/wp\/v2\/posts"}],"about":[{"href":"https:\/\/santemc.quebec\/icentre\/wp-json\/wp\/v2\/types\/post"}],"author":[{"embeddable":true,"href":"https:\/\/santemc.quebec\/icentre\/wp-json\/wp\/v2\/users\/9"}],"replies":[{"embeddable":true,"href":"https:\/\/santemc.quebec\/icentre\/wp-json\/wp\/v2\/comments?post=6693"}],"version-history":[{"count":1,"href":"https:\/\/santemc.quebec\/icentre\/wp-json\/wp\/v2\/posts\/6693\/revisions"}],"predecessor-version":[{"id":6695,"href":"https:\/\/santemc.quebec\/icentre\/wp-json\/wp\/v2\/posts\/6693\/revisions\/6695"}],"wp:attachment":[{"href":"https:\/\/santemc.quebec\/icentre\/wp-json\/wp\/v2\/media?parent=6693"}],"wp:term":[{"taxonomy":"category","embeddable":true,"href":"https:\/\/santemc.quebec\/icentre\/wp-json\/wp\/v2\/categories?post=6693"},{"taxonomy":"post_tag","embeddable":true,"href":"https:\/\/santemc.quebec\/icentre\/wp-json\/wp\/v2\/tags?post=6693"}],"curies":[{"name":"wp","href":"https:\/\/api.w.org\/{rel}","templated":true}]}}