{"id":6727,"date":"2018-04-27T13:52:23","date_gmt":"2018-04-27T17:52:23","guid":{"rendered":"http:\/\/santemc.quebec\/icentre\/?p=6727"},"modified":"2018-04-27T13:53:41","modified_gmt":"2018-04-27T17:53:41","slug":"un-travail-recompense-pour-deux-de-nos-docteures","status":"publish","type":"post","link":"https:\/\/santemc.quebec\/icentre\/un-travail-recompense-pour-deux-de-nos-docteures\/","title":{"rendered":"Un travail r\u00e9compens\u00e9 pour deux de nos docteures"},"content":{"rendered":"<div id=\"attachment_6728\" style=\"width: 310px\" class=\"wp-caption alignleft\"><a href=\"http:\/\/santemc.quebec\/santemc\/icentre\/wp-content\/uploads\/2018\/04\/DSC_4661_quinzaine_postdoc_-photo.jpg\"><img aria-describedby=\"caption-attachment-6728\" decoding=\"async\" loading=\"lazy\" class=\"size-medium wp-image-6728\" src=\"http:\/\/santemc.quebec\/santemc\/icentre\/wp-content\/uploads\/2018\/04\/DSC_4661_quinzaine_postdoc_-photo-300x201.jpg\" alt=\"\" width=\"300\" height=\"201\" srcset=\"https:\/\/santemc.quebec\/santemc\/icentre\/wp-content\/uploads\/2018\/04\/DSC_4661_quinzaine_postdoc_-photo-300x201.jpg 300w, https:\/\/santemc.quebec\/santemc\/icentre\/wp-content\/uploads\/2018\/04\/DSC_4661_quinzaine_postdoc_-photo-768x515.jpg 768w, https:\/\/santemc.quebec\/santemc\/icentre\/wp-content\/uploads\/2018\/04\/DSC_4661_quinzaine_postdoc_-photo-1024x687.jpg 1024w, https:\/\/santemc.quebec\/santemc\/icentre\/wp-content\/uploads\/2018\/04\/DSC_4661_quinzaine_postdoc_-photo-447x300.jpg 447w\" sizes=\"(max-width: 300px) 100vw, 300px\" \/><\/a><p id=\"caption-attachment-6728\" class=\"wp-caption-text\">De gauche \u00e0 droite : Dr Fr\u00e9d\u00e9rick D&rsquo;Aragon, Dre Flavia de Angelis, Dre Chantal Vall\u00e9e<\/p><\/div>\n<p>Le 11 avril dernier, Dre Flavia de Angelis et Dre Chantal Vall\u00e9e, deux m\u00e9decins de notre organisation, ont \u00e9t\u00e9 mises en nomination afin de recevoir le prix Andr\u00e9-Plante remis par la Facult\u00e9 de m\u00e9decine et des sciences de la sant\u00e9 (FMSS) de l\u2019Universit\u00e9 de Sherbrooke. Ce prix s\u2019adresse aux membres du corps enseignant aux \u00e9tudes m\u00e9dicales postdoctorales et reconna\u00eet, entre autres, la qualit\u00e9 de l\u2019encadrement clinique. Il souligne la disponibilit\u00e9 du professeur pour les r\u00e9sidents, sa capacit\u00e9 \u00e0 transmettre le go\u00fbt d\u2019apprendre et \u00e0 d\u00e9velopper une curiosit\u00e9 scientifique. Ce prix d\u00e9cern\u00e9 par les r\u00e9sidents est une marque empreinte de reconnaissance. L\u2019implication exceptionnelle de ces docteures ne peut faire autrement que de motiver la rel\u00e8ve \u00e0 se surpasser.<\/p>\n<p><!--more--><\/p>\n<p><strong>Des r\u00e9sultats qui donnent espoir<\/strong><br \/>\nDe plus, Dre Flavia de Angelis a contribu\u00e9 \u00e0 un projet de recherche concernant l\u2019h\u00e9mato-oncologie avec plusieurs chercheurs de diff\u00e9rents pays. Les r\u00e9sultats de la recherche mettent en lumi\u00e8re d\u2019importantes avanc\u00e9es qui permettraient de modifier le traitement du cancer des poumons d\u2019un stade avanc\u00e9. L\u2019esp\u00e9rance de vie s\u2019en trouverait prolong\u00e9e en plus d\u2019assurer un contr\u00f4le plus efficace de la maladie. Cet article a \u00e9t\u00e9 publi\u00e9 le 16 avril dans le journal reconnu mondialement <em>The New England Journal of Medicine<\/em>. Ce dernier \u00e9dite des recherches de haute qualit\u00e9 qui ont \u00e9t\u00e9 \u00e9valu\u00e9es par des pairs. Les r\u00e9sultats seront \u00e9galement pr\u00e9sent\u00e9s lors de diff\u00e9rents \u00e9v\u00e9nements, notamment en oncologie. Une autre preuve tangible de l\u2019implication de Dre de Angelis dans le domaine m\u00e9dical.<\/p>\n<p>\u00c0 toutes deux, nos sinc\u00e8res f\u00e9licitations!<\/p>\n","protected":false},"excerpt":{"rendered":"<p>Le 11 avril dernier, Dre Flavia de Angelis et Dre Chantal Vall\u00e9e, deux m\u00e9decins de notre organisation, ont \u00e9t\u00e9 mises en nomination afin de recevoir le prix Andr\u00e9-Plante remis par la Facult\u00e9 de m\u00e9decine et des sciences de la sant\u00e9 &hellip; <a href=\"https:\/\/santemc.quebec\/icentre\/un-travail-recompense-pour-deux-de-nos-docteures\/\">Continuer la lecture <span class=\"meta-nav\">&rarr;<\/span><\/a><\/p>\n","protected":false},"author":9,"featured_media":0,"comment_status":"open","ping_status":"closed","sticky":false,"template":"","format":"standard","meta":{"footnotes":""},"categories":[1],"tags":[],"_links":{"self":[{"href":"https:\/\/santemc.quebec\/icentre\/wp-json\/wp\/v2\/posts\/6727"}],"collection":[{"href":"https:\/\/santemc.quebec\/icentre\/wp-json\/wp\/v2\/posts"}],"about":[{"href":"https:\/\/santemc.quebec\/icentre\/wp-json\/wp\/v2\/types\/post"}],"author":[{"embeddable":true,"href":"https:\/\/santemc.quebec\/icentre\/wp-json\/wp\/v2\/users\/9"}],"replies":[{"embeddable":true,"href":"https:\/\/santemc.quebec\/icentre\/wp-json\/wp\/v2\/comments?post=6727"}],"version-history":[{"count":1,"href":"https:\/\/santemc.quebec\/icentre\/wp-json\/wp\/v2\/posts\/6727\/revisions"}],"predecessor-version":[{"id":6729,"href":"https:\/\/santemc.quebec\/icentre\/wp-json\/wp\/v2\/posts\/6727\/revisions\/6729"}],"wp:attachment":[{"href":"https:\/\/santemc.quebec\/icentre\/wp-json\/wp\/v2\/media?parent=6727"}],"wp:term":[{"taxonomy":"category","embeddable":true,"href":"https:\/\/santemc.quebec\/icentre\/wp-json\/wp\/v2\/categories?post=6727"},{"taxonomy":"post_tag","embeddable":true,"href":"https:\/\/santemc.quebec\/icentre\/wp-json\/wp\/v2\/tags?post=6727"}],"curies":[{"name":"wp","href":"https:\/\/api.w.org\/{rel}","templated":true}]}}