{"id":6730,"date":"2018-04-27T14:57:38","date_gmt":"2018-04-27T18:57:38","guid":{"rendered":"http:\/\/santemc.quebec\/icentre\/?p=6730"},"modified":"2018-04-27T14:58:03","modified_gmt":"2018-04-27T18:58:03","slug":"elections-au-comite-executif-du-conseil-multidisciplinaire-rappel","status":"publish","type":"post","link":"https:\/\/santemc.quebec\/icentre\/elections-au-comite-executif-du-conseil-multidisciplinaire-rappel\/","title":{"rendered":"\u00c9lections au comit\u00e9 ex\u00e9cutif du conseil multidisciplinaire &#8211; rappel"},"content":{"rendered":"<p><strong>IMPORTANT!<\/strong><br \/>\nLa p\u00e9riode de mise en candidature pour le comit\u00e9 ex\u00e9cutif du conseil multidisciplinaire se termine <strong>le jeudi le 3 mai 2018<\/strong>.<\/p>\n<p><!--more--><\/p>\n<ul>\n<li>Vous \u00eates titulaire d\u2019un dipl\u00f4me coll\u00e9gial et\/ou universitaire?<\/li>\n<li>La qualit\u00e9 et l\u2019acc\u00e8s aux services sont au centre de vos pr\u00e9occupations?<\/li>\n<\/ul>\n<p>Posez votre candidature et joignez-vous \u00e0 l\u2019\u00e9quipe dynamique de votre comit\u00e9 ex\u00e9cutif du conseil multidisciplinaire (CM). Faites entendre votre voix pour des pratiques professionnelles de qualit\u00e9.<\/p>\n<p>Le comit\u00e9 ex\u00e9cutif est compos\u00e9 de membres de diff\u00e9rentes missions et professions provenant des r\u00e9seaux locaux de services qui constituent maintenant le CISSS de la Mont\u00e9r\u00e9gie-Centre.<\/p>\n<p>L\u2019ex\u00e9cutif se rencontre pour des journ\u00e9es compl\u00e8tes* permettant ainsi \u00e0 plus de membres possibles de s\u2019impliquer dans le CM.<\/p>\n<p>Les r\u00e9unions se tiennent toutes les six semaines environ avec une demi-journ\u00e9e consacr\u00e9e aux travaux en sous-comit\u00e9s et l\u2019autre d\u00e9di\u00e9e aux rencontres formelles de l\u2019ex\u00e9cutif.<\/p>\n<p>* Vous serez lib\u00e9r\u00e9 pour vos heures consacr\u00e9es \u00e0 la r\u00e9alisation de votre mandat.<\/p>\n<p>Ces documents, ainsi que l\u2019avis d\u2019\u00e9lection sont disponibles aux endroits suivants\u00a0:<\/p>\n<ul>\n<li><em>RLS du Haut-Richelieu-Rouville\u00a0<\/em><em>: Intranet\/Conseils professionnels\/Conseil multidisciplinaire\/Centre documentaire\/Formulaires<\/em><\/li>\n<li><em>RLS de Champlain\u00a0<\/em><em>: G:\/05-ADMINISTRATION\/Conseil_comite\/CM\/\u00c9lections_2018\u00a0<\/em><\/li>\n<li><em>Institut Nazareth et Louis-Braille\u00a0: <\/em><em>Intranet\/r\u00e9pertoire documents\/conseil multidisciplinaire<\/em><\/li>\n<li><em>Installation Beauregard\u00a0<\/em><em>: R:\/Guichet DSM<\/em><\/li>\n<li><em>Facebook <\/em><em>(conseil multidisciplinaire du CISSS de la Mont\u00e9r\u00e9gie-Centre)<\/em><\/li>\n<\/ul>\n<p><strong>LE CONSEIL MULTIDISCIPLINAIRE, C\u2019EST L\u2019AFFAIRE DE TOUS!<\/strong><\/p>\n<p>Les membres qui souhaitent obtenir plus d\u2019information sur le comit\u00e9 ex\u00e9cutif sont invit\u00e9s \u00e0 transmettre leur demande \u00e0 l\u2019adresse suivante\u00a0et un membre du comit\u00e9 ex\u00e9cutif communiquera avec vous : <a href=\"mailto:conseil_multidisciplinaire.cisssmc16@ssss.gouv.qc.ca\" target=\"_blank\" rel=\"noopener\">conseil_multidisciplinaire.cisssmc16@ssss.gouv.qc.ca<\/a><\/p>\n<p>Merci de votre attention!<\/p>\n","protected":false},"excerpt":{"rendered":"<p>IMPORTANT! La p\u00e9riode de mise en candidature pour le comit\u00e9 ex\u00e9cutif du conseil multidisciplinaire se termine le jeudi le 3 mai 2018.<\/p>\n","protected":false},"author":9,"featured_media":0,"comment_status":"open","ping_status":"closed","sticky":false,"template":"","format":"standard","meta":{"footnotes":""},"categories":[1],"tags":[],"_links":{"self":[{"href":"https:\/\/santemc.quebec\/icentre\/wp-json\/wp\/v2\/posts\/6730"}],"collection":[{"href":"https:\/\/santemc.quebec\/icentre\/wp-json\/wp\/v2\/posts"}],"about":[{"href":"https:\/\/santemc.quebec\/icentre\/wp-json\/wp\/v2\/types\/post"}],"author":[{"embeddable":true,"href":"https:\/\/santemc.quebec\/icentre\/wp-json\/wp\/v2\/users\/9"}],"replies":[{"embeddable":true,"href":"https:\/\/santemc.quebec\/icentre\/wp-json\/wp\/v2\/comments?post=6730"}],"version-history":[{"count":2,"href":"https:\/\/santemc.quebec\/icentre\/wp-json\/wp\/v2\/posts\/6730\/revisions"}],"predecessor-version":[{"id":6732,"href":"https:\/\/santemc.quebec\/icentre\/wp-json\/wp\/v2\/posts\/6730\/revisions\/6732"}],"wp:attachment":[{"href":"https:\/\/santemc.quebec\/icentre\/wp-json\/wp\/v2\/media?parent=6730"}],"wp:term":[{"taxonomy":"category","embeddable":true,"href":"https:\/\/santemc.quebec\/icentre\/wp-json\/wp\/v2\/categories?post=6730"},{"taxonomy":"post_tag","embeddable":true,"href":"https:\/\/santemc.quebec\/icentre\/wp-json\/wp\/v2\/tags?post=6730"}],"curies":[{"name":"wp","href":"https:\/\/api.w.org\/{rel}","templated":true}]}}