{"id":6743,"date":"2018-05-01T09:05:33","date_gmt":"2018-05-01T13:05:33","guid":{"rendered":"http:\/\/santemc.quebec\/icentre\/?p=6743"},"modified":"2018-05-01T09:17:29","modified_gmt":"2018-05-01T13:17:29","slug":"semez-au-suivant-une-initiative-dun-medecin-de-chez-nous","status":"publish","type":"post","link":"https:\/\/santemc.quebec\/icentre\/semez-au-suivant-une-initiative-dun-medecin-de-chez-nous\/","title":{"rendered":"Semez au suivant : une initiative d\u2019un m\u00e9decin de chez nous!"},"content":{"rendered":"<p>Dans le cadre de la Semaine nationale du don d\u2019organes et de tissus, qui a eu lieu de 22 au 28 avril, Dr Olivier Diec, n\u00e9phrologue \u00e0 l\u2019H\u00f4pital Charles-Le Moyne, a pr\u00e9sent\u00e9 son projet \u00ab Semez au suivant \u00bb, une initiative visant \u00e0 promouvoir la signature pour le don d\u2019organes par la distribution gratuite de fines herbes dans une dizaine de commerces de la Rive-Sud.<\/p>\n<p><!--more--><\/p>\n<p>Nous vous invitons \u00e0 visionner le reportage de Radio-Canada \u00e0 ce sujet au lien suivant\u00a0:<\/p>\n<p><a href=\"https:\/\/ici.radio-canada.ca\/nouvelle\/1097421\/fines-herbes-pou-don-organes\" target=\"_blank\" rel=\"noopener\">https:\/\/ici.radio-canada.ca\/nouvelle\/1097421\/fines-herbes-pou-don-organes<\/a><\/p>\n","protected":false},"excerpt":{"rendered":"<p>Dans le cadre de la Semaine nationale du don d\u2019organes et de tissus, qui a eu lieu de 22 au 28 avril, Dr Olivier Diec, n\u00e9phrologue \u00e0 l\u2019H\u00f4pital Charles-Le Moyne, a pr\u00e9sent\u00e9 son projet \u00ab Semez au suivant \u00bb, une &hellip; <a href=\"https:\/\/santemc.quebec\/icentre\/semez-au-suivant-une-initiative-dun-medecin-de-chez-nous\/\">Continuer la lecture <span class=\"meta-nav\">&rarr;<\/span><\/a><\/p>\n","protected":false},"author":9,"featured_media":0,"comment_status":"open","ping_status":"closed","sticky":false,"template":"","format":"standard","meta":{"footnotes":""},"categories":[1],"tags":[],"_links":{"self":[{"href":"https:\/\/santemc.quebec\/icentre\/wp-json\/wp\/v2\/posts\/6743"}],"collection":[{"href":"https:\/\/santemc.quebec\/icentre\/wp-json\/wp\/v2\/posts"}],"about":[{"href":"https:\/\/santemc.quebec\/icentre\/wp-json\/wp\/v2\/types\/post"}],"author":[{"embeddable":true,"href":"https:\/\/santemc.quebec\/icentre\/wp-json\/wp\/v2\/users\/9"}],"replies":[{"embeddable":true,"href":"https:\/\/santemc.quebec\/icentre\/wp-json\/wp\/v2\/comments?post=6743"}],"version-history":[{"count":1,"href":"https:\/\/santemc.quebec\/icentre\/wp-json\/wp\/v2\/posts\/6743\/revisions"}],"predecessor-version":[{"id":6744,"href":"https:\/\/santemc.quebec\/icentre\/wp-json\/wp\/v2\/posts\/6743\/revisions\/6744"}],"wp:attachment":[{"href":"https:\/\/santemc.quebec\/icentre\/wp-json\/wp\/v2\/media?parent=6743"}],"wp:term":[{"taxonomy":"category","embeddable":true,"href":"https:\/\/santemc.quebec\/icentre\/wp-json\/wp\/v2\/categories?post=6743"},{"taxonomy":"post_tag","embeddable":true,"href":"https:\/\/santemc.quebec\/icentre\/wp-json\/wp\/v2\/tags?post=6743"}],"curies":[{"name":"wp","href":"https:\/\/api.w.org\/{rel}","templated":true}]}}