{"id":6748,"date":"2018-05-01T14:08:07","date_gmt":"2018-05-01T18:08:07","guid":{"rendered":"http:\/\/santemc.quebec\/icentre\/?p=6748"},"modified":"2018-05-01T14:08:27","modified_gmt":"2018-05-01T18:08:27","slug":"denombrement2018-merci-aux-benevoles-qui-ont-repondu-a-lappel","status":"publish","type":"post","link":"https:\/\/santemc.quebec\/icentre\/denombrement2018-merci-aux-benevoles-qui-ont-repondu-a-lappel\/","title":{"rendered":"# d\u00e9nombrement2018 &#8212; Merci aux b\u00e9n\u00e9voles qui ont r\u00e9pondu \u00e0 l\u2019appel!"},"content":{"rendered":"<div id=\"attachment_6749\" style=\"width: 310px\" class=\"wp-caption alignleft\"><a href=\"http:\/\/santemc.quebec\/santemc\/icentre\/wp-content\/uploads\/2018\/05\/postdenombrement.jpg\"><img aria-describedby=\"caption-attachment-6749\" decoding=\"async\" loading=\"lazy\" class=\"size-medium wp-image-6749\" src=\"http:\/\/santemc.quebec\/santemc\/icentre\/wp-content\/uploads\/2018\/05\/postdenombrement-300x225.jpg\" alt=\"\" width=\"300\" height=\"225\" srcset=\"https:\/\/santemc.quebec\/santemc\/icentre\/wp-content\/uploads\/2018\/05\/postdenombrement-300x225.jpg 300w, https:\/\/santemc.quebec\/santemc\/icentre\/wp-content\/uploads\/2018\/05\/postdenombrement-768x576.jpg 768w, https:\/\/santemc.quebec\/santemc\/icentre\/wp-content\/uploads\/2018\/05\/postdenombrement-1024x768.jpg 1024w, https:\/\/santemc.quebec\/santemc\/icentre\/wp-content\/uploads\/2018\/05\/postdenombrement-400x300.jpg 400w, https:\/\/santemc.quebec\/santemc\/icentre\/wp-content\/uploads\/2018\/05\/postdenombrement.jpg 1280w\" sizes=\"(max-width: 300px) 100vw, 300px\" \/><\/a><p id=\"caption-attachment-6749\" class=\"wp-caption-text\">Des b\u00e9n\u00e9voles de l\u2019\u00e9quipe de Brossard : Sarah Tyo, \u00c9tienne Veilleux, directeur adjoint du programme de soutien \u00e0 l&rsquo;autonomie des personnes \u00e2g\u00e9es, Julie Goudreau, directrice du programme jeunesse, Val\u00e9rie Paquet et Sophie L\u00e9vesque<\/p><\/div>\n<p>C\u2019est le 24 avril dernier et dans les jours qui ont suivi que s\u2019est tenu le d\u00e9nombrement des personnes en situation d\u2019itin\u00e9rance dans onze r\u00e9gions du Qu\u00e9bec, dont la Mont\u00e9r\u00e9gie.<\/p>\n<p>Quelque soixante b\u00e9n\u00e9voles, en collaboration avec des partenaires engag\u00e9s, ont particip\u00e9 \u00e0 cet exercice sur le territoire de la Mont\u00e9r\u00e9gie. Certains ont administr\u00e9 des questionnaires aupr\u00e8s de personnes en situation d\u2019itin\u00e9rance visible le 24 avril \u00e0 Longueuil et \u00e0 Brossard. L\u2019op\u00e9ration se poursuivra dans la r\u00e9gion jusqu\u2019au 11 mai avec la participation d\u2019une quarantaine d\u2019organismes communautaires et de certains b\u00e9n\u00e9voles, notamment dans les soupes populaires et les banques alimentaires.<\/p>\n<p><!--more--><\/p>\n<p>Le d\u00e9nombrement 2018 est coordonn\u00e9 en Mont\u00e9r\u00e9gie par la Direction programmes sant\u00e9 mentale et d\u00e9pendance du CISSS de la Mont\u00e9r\u00e9gie-Centre. Nathalie Ruest, conseill\u00e8re-cadre en sant\u00e9 mentale, d\u00e9pendance et programmes r\u00e9gionaux, coordonne le 2e portrait de l\u2019itin\u00e9rance en Mont\u00e9r\u00e9gie, alors que Caroline Duclos agit \u00e0 titre d\u2019adjointe \u00e0 la coordination du d\u00e9nombrement.<\/p>\n<p>Celles-ci tiennent d\u2019ailleurs \u00e0 remercier chaleureusement tous les b\u00e9n\u00e9voles qui ont donn\u00e9 de leur temps pour faire de ce d\u00e9nombrement un succ\u00e8s.<\/p>\n<p>\u00ab Nous avons \u00e9t\u00e9 \u00e0 m\u00eame de constater la qualit\u00e9 des b\u00e9n\u00e9voles et leur r\u00e9el engouement pour la cause. Plusieurs employ\u00e9s du r\u00e9seau ont r\u00e9pondu \u00e0 l\u2019appel pour donner g\u00e9n\u00e9reusement de leur temps. Nous avons m\u00eame re\u00e7u des messages d\u2019engagement de ces derniers pour le prochain d\u00e9nombrement \u00bb, relate Nathalie Ruest.<\/p>\n<p>\u00c0 ce stade-ci, il n\u2019est pas possible de dire le nombre de personnes qui ont \u00e9t\u00e9 d\u00e9nombr\u00e9es, car le r\u00e9sultat final sera obtenu gr\u00e2ce \u00e0 une combinaison de sources, soit des questionnaires remplis dans les lieux ext\u00e9rieurs et des observations faites par les b\u00e9n\u00e9voles et intervenants dans les jours qui ont suivi. Les r\u00e9sultats seront rendus disponibles \u00e0 l\u2019automne 2018.<\/p>\n<p>Ce d\u00e9nombrement fournira beaucoup plus que le nombre de personnes en situation d\u2019itin\u00e9rance visible la nuit du 24 avril. Il permettra de dresser un portrait de l\u2019itin\u00e9rance au Qu\u00e9bec par le biais des donn\u00e9es qualitatives obtenues aupr\u00e8s des personnes questionn\u00e9es, telles que l\u2019historique d\u2019itin\u00e9rance et l\u2019utilisation des services. Le d\u00e9nombrement ponctuel des personnes en situation d\u2019itin\u00e9rance repr\u00e9sente aussi l\u2019occasion de sensibiliser et de mobiliser les partenaires et la population \u00e0 la question de l\u2019itin\u00e9rance.<\/p>\n<p>D\u2019autres volets sont pr\u00e9vus \u00e0 ce portrait dans les prochains mois, dont un sondage aupr\u00e8s de la population en g\u00e9n\u00e9ral et une recension de l\u2019utilisation des services par cette population.<\/p>\n","protected":false},"excerpt":{"rendered":"<p>C\u2019est le 24 avril dernier et dans les jours qui ont suivi que s\u2019est tenu le d\u00e9nombrement des personnes en situation d\u2019itin\u00e9rance dans onze r\u00e9gions du Qu\u00e9bec, dont la Mont\u00e9r\u00e9gie. Quelque soixante b\u00e9n\u00e9voles, en collaboration avec des partenaires engag\u00e9s, ont &hellip; <a href=\"https:\/\/santemc.quebec\/icentre\/denombrement2018-merci-aux-benevoles-qui-ont-repondu-a-lappel\/\">Continuer la lecture <span class=\"meta-nav\">&rarr;<\/span><\/a><\/p>\n","protected":false},"author":9,"featured_media":0,"comment_status":"open","ping_status":"closed","sticky":false,"template":"","format":"standard","meta":{"footnotes":""},"categories":[1],"tags":[],"_links":{"self":[{"href":"https:\/\/santemc.quebec\/icentre\/wp-json\/wp\/v2\/posts\/6748"}],"collection":[{"href":"https:\/\/santemc.quebec\/icentre\/wp-json\/wp\/v2\/posts"}],"about":[{"href":"https:\/\/santemc.quebec\/icentre\/wp-json\/wp\/v2\/types\/post"}],"author":[{"embeddable":true,"href":"https:\/\/santemc.quebec\/icentre\/wp-json\/wp\/v2\/users\/9"}],"replies":[{"embeddable":true,"href":"https:\/\/santemc.quebec\/icentre\/wp-json\/wp\/v2\/comments?post=6748"}],"version-history":[{"count":2,"href":"https:\/\/santemc.quebec\/icentre\/wp-json\/wp\/v2\/posts\/6748\/revisions"}],"predecessor-version":[{"id":6751,"href":"https:\/\/santemc.quebec\/icentre\/wp-json\/wp\/v2\/posts\/6748\/revisions\/6751"}],"wp:attachment":[{"href":"https:\/\/santemc.quebec\/icentre\/wp-json\/wp\/v2\/media?parent=6748"}],"wp:term":[{"taxonomy":"category","embeddable":true,"href":"https:\/\/santemc.quebec\/icentre\/wp-json\/wp\/v2\/categories?post=6748"},{"taxonomy":"post_tag","embeddable":true,"href":"https:\/\/santemc.quebec\/icentre\/wp-json\/wp\/v2\/tags?post=6748"}],"curies":[{"name":"wp","href":"https:\/\/api.w.org\/{rel}","templated":true}]}}