{"id":6759,"date":"2018-05-03T15:40:49","date_gmt":"2018-05-03T19:40:49","guid":{"rendered":"http:\/\/santemc.quebec\/icentre\/?p=6759"},"modified":"2018-05-03T15:45:45","modified_gmt":"2018-05-03T19:45:45","slug":"promotion-de-la-mise-a-jour-du-portrait-de-sante-de-la-population","status":"publish","type":"post","link":"https:\/\/santemc.quebec\/icentre\/promotion-de-la-mise-a-jour-du-portrait-de-sante-de-la-population\/","title":{"rendered":"Diffusion de la mise \u00e0 jour du portrait de sant\u00e9 de la population"},"content":{"rendered":"<p>La Direction de sant\u00e9 publique a le plaisir de\u00a0vous annoncer la diffusion de la mise \u00e0 jour du Portrait de sant\u00e9 de la population pour chacun des\u00a0trois RTS\u00a0de la Mont\u00e9r\u00e9gie. En une quinzaine de pages, chaque portrait r\u00e9sume les principaux enjeux concernant l&rsquo;\u00e9tat de sant\u00e9 de la population r\u00e9sidant sur le territoire du CISSS. Le portrait est accompagn\u00e9 d&rsquo;une mise \u00e0 jour du\u00a0Profil synth\u00e9tique. \u00c0 l&rsquo;aide de pastilles de couleurs, ce dernier r\u00e9sume, en deux pages, la situation dans les diff\u00e9rents d\u00e9coupages sociosanitaires de chaque CISSS. De m\u00eame, le Survol a aussi \u00e9t\u00e9 mis \u00e0 jour : ce dernier procure les donn\u00e9es chiffr\u00e9es pour la plupart des indicateurs abord\u00e9s dans\u00a0le Profil synth\u00e9tique.<\/p>\n<p><!--more--><\/p>\n<p>Nous vous invitons \u00e0 prendre connaissance de ces documents en consultant\u00a0l&rsquo;extranet\u00a0\u00e0 l&rsquo;adresse suivante\u00a0:\u00a0<a href=\"http:\/\/extranet.santemonteregie.qc.ca\/sante-publique\/surveillance-etat-sante\/index.fr.html\" target=\"_blank\" rel=\"noopener\">http:\/\/extranet.santemonteregie.qc.ca\/sante-publique\/surveillance-etat-sante\/index.fr.html<\/a><\/p>\n<p>Pour toute information suppl\u00e9mentaire, nous vous invitons \u00e0 communiquer par courriel\u00a0avec Dre Manon Blackburn, m\u00e9decin-conseil, \u00e9quipe Surveillance\u00a0:\u00a0<a href=\"mailto:manon.blackburn.agence16@ssss.gouv.qc.ca\" target=\"_blank\" rel=\"noopener\">manon.blackburn.agence16@ssss.gouv.qc.ca\u00a0<\/a><\/p>\n<p>Bonne consultation!<\/p>\n","protected":false},"excerpt":{"rendered":"<p>La Direction de sant\u00e9 publique a le plaisir de\u00a0vous annoncer la diffusion de la mise \u00e0 jour du Portrait de sant\u00e9 de la population pour chacun des\u00a0trois RTS\u00a0de la Mont\u00e9r\u00e9gie. En une quinzaine de pages, chaque portrait r\u00e9sume les principaux &hellip; <a href=\"https:\/\/santemc.quebec\/icentre\/promotion-de-la-mise-a-jour-du-portrait-de-sante-de-la-population\/\">Continuer la lecture <span class=\"meta-nav\">&rarr;<\/span><\/a><\/p>\n","protected":false},"author":9,"featured_media":0,"comment_status":"open","ping_status":"closed","sticky":false,"template":"","format":"standard","meta":{"footnotes":""},"categories":[1],"tags":[],"_links":{"self":[{"href":"https:\/\/santemc.quebec\/icentre\/wp-json\/wp\/v2\/posts\/6759"}],"collection":[{"href":"https:\/\/santemc.quebec\/icentre\/wp-json\/wp\/v2\/posts"}],"about":[{"href":"https:\/\/santemc.quebec\/icentre\/wp-json\/wp\/v2\/types\/post"}],"author":[{"embeddable":true,"href":"https:\/\/santemc.quebec\/icentre\/wp-json\/wp\/v2\/users\/9"}],"replies":[{"embeddable":true,"href":"https:\/\/santemc.quebec\/icentre\/wp-json\/wp\/v2\/comments?post=6759"}],"version-history":[{"count":2,"href":"https:\/\/santemc.quebec\/icentre\/wp-json\/wp\/v2\/posts\/6759\/revisions"}],"predecessor-version":[{"id":6765,"href":"https:\/\/santemc.quebec\/icentre\/wp-json\/wp\/v2\/posts\/6759\/revisions\/6765"}],"wp:attachment":[{"href":"https:\/\/santemc.quebec\/icentre\/wp-json\/wp\/v2\/media?parent=6759"}],"wp:term":[{"taxonomy":"category","embeddable":true,"href":"https:\/\/santemc.quebec\/icentre\/wp-json\/wp\/v2\/categories?post=6759"},{"taxonomy":"post_tag","embeddable":true,"href":"https:\/\/santemc.quebec\/icentre\/wp-json\/wp\/v2\/tags?post=6759"}],"curies":[{"name":"wp","href":"https:\/\/api.w.org\/{rel}","templated":true}]}}